{"id":1208272,"date":"2026-08-31T19:31:42","date_gmt":"2026-08-31T19:31:42","guid":{"rendered":"https:\/\/madeiraisland.news\/?p=1208272"},"modified":"2026-08-31T19:48:00","modified_gmt":"2026-08-31T19:48:00","slug":"cmf-assinala-dia-da-saude-sexual-com-conferencia-a-4-de-setembro","status":"publish","type":"post","link":"https:\/\/madeiraisland.news\/?p=1208272","title":{"rendered":"CMF assinala Dia da Sa\u00fade Sexual com confer\u00eancia a 4 de Setembro"},"content":{"rendered":"<p>A C\u00e2mara Municipal do Funchal vai assinalar o Dia Mundial da Sa\u00fade Sexual, no dia 4 de Setembro, com uma iniciativa dedicada \u00e0 reflex\u00e3o e ao debate sobre a sa\u00fade sexual enquanto dimens\u00e3o fundamental da sa\u00fade e do bem-estar. A sess\u00e3o decorre na Sala da Assembleia Municipal do Funchal, a partir das 14h30, com entrada [\u2026]<\/p>\n","protected":false},"excerpt":{"rendered":"<p>A C\u00e2mara Municipal do Funchal vai assinalar o Dia Mundial da Sa\u00fade Sexual, no dia 4 de Setembro, com uma &#8230; <\/p>\n<p class=\"read-more-container\"><a title=\"CMF assinala Dia da Sa\u00fade Sexual com confer\u00eancia a 4 de Setembro\" class=\"read-more button\" href=\"https:\/\/madeiraisland.news\/?p=1208272#more-1208272\" aria-label=\"Read more about CMF assinala Dia da Sa\u00fade Sexual com confer\u00eancia a 4 de Setembro\">Read more<\/a><\/p>\n","protected":false},"author":258,"featured_media":0,"comment_status":"open","ping_status":"","sticky":false,"template":"","format":"standard","meta":{"footnotes":""},"categories":[19],"tags":[],"class_list":["post-1208272","post","type-post","status-publish","format-standard","hentry","category-madeira-island-news","infinite-scroll-item","masonry-post","generate-columns","tablet-grid-50","mobile-grid-100","grid-parent","grid-33"],"_links":{"self":[{"href":"https:\/\/madeiraisland.news\/index.php?rest_route=\/wp\/v2\/posts\/1208272","targetHints":{"allow":["GET"]}}],"collection":[{"href":"https:\/\/madeiraisland.news\/index.php?rest_route=\/wp\/v2\/posts"}],"about":[{"href":"https:\/\/madeiraisland.news\/index.php?rest_route=\/wp\/v2\/types\/post"}],"author":[{"embeddable":true,"href":"https:\/\/madeiraisland.news\/index.php?rest_route=\/wp\/v2\/users\/258"}],"replies":[{"embeddable":true,"href":"https:\/\/madeiraisland.news\/index.php?rest_route=%2Fwp%2Fv2%2Fcomments&post=1208272"}],"version-history":[{"count":1,"href":"https:\/\/madeiraisland.news\/index.php?rest_route=\/wp\/v2\/posts\/1208272\/revisions"}],"predecessor-version":[{"id":1208273,"href":"https:\/\/madeiraisland.news\/index.php?rest_route=\/wp\/v2\/posts\/1208272\/revisions\/1208273"}],"wp:attachment":[{"href":"https:\/\/madeiraisland.news\/index.php?rest_route=%2Fwp%2Fv2%2Fmedia&parent=1208272"}],"wp:term":[{"taxonomy":"category","embeddable":true,"href":"https:\/\/madeiraisland.news\/index.php?rest_route=%2Fwp%2Fv2%2Fcategories&post=1208272"},{"taxonomy":"post_tag","embeddable":true,"href":"https:\/\/madeiraisland.news\/index.php?rest_route=%2Fwp%2Fv2%2Ftags&post=1208272"}],"curies":[{"name":"wp","href":"https:\/\/api.w.org\/{rel}","templated":true}]}}