{"id":1208270,"date":"2026-08-31T19:36:51","date_gmt":"2026-08-31T19:36:51","guid":{"rendered":"https:\/\/madeiraisland.news\/?p=1208270"},"modified":"2026-08-31T19:48:00","modified_gmt":"2026-08-31T19:48:00","slug":"premio-valor-madeira-com-nova-edicao-depois-de-numero-recorde-de-candidaturas","status":"publish","type":"post","link":"https:\/\/madeiraisland.news\/?p=1208270","title":{"rendered":"Pr\u00e9mio +Valor Madeira com nova edi\u00e7\u00e3o depois de n\u00famero recorde de candidaturas"},"content":{"rendered":"<p>A Assembleia Legislativa da Madeira abre, a partir de 1 de Setembro, as candidaturas \u00e0 6.\u00aa edi\u00e7\u00e3o do Pr\u00e9mio +Valor Madeira, uma iniciativa que se tem vindo a afirmar na valoriza\u00e7\u00e3o da investiga\u00e7\u00e3o, do conhecimento e da inova\u00e7\u00e3o com interesse directo para a Regi\u00e3o Aut\u00f3noma da Madeira. A nova edi\u00e7\u00e3o surge depois de, no ano [\u2026]<\/p>\n","protected":false},"excerpt":{"rendered":"<p>A Assembleia Legislativa da Madeira abre, a partir de 1 de Setembro, as candidaturas \u00e0 6.\u00aa edi\u00e7\u00e3o do Pr\u00e9mio +Valor &#8230; <\/p>\n<p class=\"read-more-container\"><a title=\"Pr\u00e9mio +Valor Madeira com nova edi\u00e7\u00e3o depois de n\u00famero recorde de candidaturas\" class=\"read-more button\" href=\"https:\/\/madeiraisland.news\/?p=1208270#more-1208270\" aria-label=\"Read more about Pr\u00e9mio +Valor Madeira com nova edi\u00e7\u00e3o depois de n\u00famero recorde de candidaturas\">Read more<\/a><\/p>\n","protected":false},"author":258,"featured_media":0,"comment_status":"open","ping_status":"","sticky":false,"template":"","format":"standard","meta":{"footnotes":""},"categories":[19],"tags":[],"class_list":["post-1208270","post","type-post","status-publish","format-standard","hentry","category-madeira-island-news","infinite-scroll-item","masonry-post","generate-columns","tablet-grid-50","mobile-grid-100","grid-parent","grid-33"],"_links":{"self":[{"href":"https:\/\/madeiraisland.news\/index.php?rest_route=\/wp\/v2\/posts\/1208270","targetHints":{"allow":["GET"]}}],"collection":[{"href":"https:\/\/madeiraisland.news\/index.php?rest_route=\/wp\/v2\/posts"}],"about":[{"href":"https:\/\/madeiraisland.news\/index.php?rest_route=\/wp\/v2\/types\/post"}],"author":[{"embeddable":true,"href":"https:\/\/madeiraisland.news\/index.php?rest_route=\/wp\/v2\/users\/258"}],"replies":[{"embeddable":true,"href":"https:\/\/madeiraisland.news\/index.php?rest_route=%2Fwp%2Fv2%2Fcomments&post=1208270"}],"version-history":[{"count":1,"href":"https:\/\/madeiraisland.news\/index.php?rest_route=\/wp\/v2\/posts\/1208270\/revisions"}],"predecessor-version":[{"id":1208271,"href":"https:\/\/madeiraisland.news\/index.php?rest_route=\/wp\/v2\/posts\/1208270\/revisions\/1208271"}],"wp:attachment":[{"href":"https:\/\/madeiraisland.news\/index.php?rest_route=%2Fwp%2Fv2%2Fmedia&parent=1208270"}],"wp:term":[{"taxonomy":"category","embeddable":true,"href":"https:\/\/madeiraisland.news\/index.php?rest_route=%2Fwp%2Fv2%2Fcategories&post=1208270"},{"taxonomy":"post_tag","embeddable":true,"href":"https:\/\/madeiraisland.news\/index.php?rest_route=%2Fwp%2Fv2%2Ftags&post=1208270"}],"curies":[{"name":"wp","href":"https:\/\/api.w.org\/{rel}","templated":true}]}}