{"id":1208268,"date":"2026-08-31T19:19:46","date_gmt":"2026-08-31T19:19:46","guid":{"rendered":"https:\/\/madeiraisland.news\/?p=1208268"},"modified":"2026-08-31T19:31:22","modified_gmt":"2026-08-31T19:31:22","slug":"celso-bettencourt-agradeceu-ontem-o-empenho-de-todos-no-combate-a-incendio-na-furneira-camara-de-lobos","status":"publish","type":"post","link":"https:\/\/madeiraisland.news\/?p=1208268","title":{"rendered":"Celso Bettencourt agradeceu ontem o empenho de todos no combate a inc\u00eandio na Furneira, C\u00e2mara de Lobos"},"content":{"rendered":"<p>O presidente da C\u00e2mara de C\u00e2mara de Lobos salientou ontem a resposta dos bombeiros e a coordena\u00e7\u00e3o do Servi\u00e7o Regional de Protec\u00e7\u00e3o Civil e da Protec\u00e7\u00e3o Civil Municipal ao inc\u00eandio florestal registado na noite de 29 de Agosto, no s\u00edtio da Furneira, freguesia do Estreito. O alerta foi recebido \u00e0s 23h27, tendo sido mobilizado para [\u2026]<\/p>\n","protected":false},"excerpt":{"rendered":"<p>O presidente da C\u00e2mara de C\u00e2mara de Lobos salientou ontem a resposta dos bombeiros e a coordena\u00e7\u00e3o do Servi\u00e7o Regional &#8230; <\/p>\n<p class=\"read-more-container\"><a title=\"Celso Bettencourt agradeceu ontem o empenho de todos no combate a inc\u00eandio na Furneira, C\u00e2mara de Lobos\" class=\"read-more button\" href=\"https:\/\/madeiraisland.news\/?p=1208268#more-1208268\" aria-label=\"Read more about Celso Bettencourt agradeceu ontem o empenho de todos no combate a inc\u00eandio na Furneira, C\u00e2mara de Lobos\">Read more<\/a><\/p>\n","protected":false},"author":258,"featured_media":0,"comment_status":"open","ping_status":"","sticky":false,"template":"","format":"standard","meta":{"footnotes":""},"categories":[19],"tags":[],"class_list":["post-1208268","post","type-post","status-publish","format-standard","hentry","category-madeira-island-news","infinite-scroll-item","masonry-post","generate-columns","tablet-grid-50","mobile-grid-100","grid-parent","grid-33"],"_links":{"self":[{"href":"https:\/\/madeiraisland.news\/index.php?rest_route=\/wp\/v2\/posts\/1208268","targetHints":{"allow":["GET"]}}],"collection":[{"href":"https:\/\/madeiraisland.news\/index.php?rest_route=\/wp\/v2\/posts"}],"about":[{"href":"https:\/\/madeiraisland.news\/index.php?rest_route=\/wp\/v2\/types\/post"}],"author":[{"embeddable":true,"href":"https:\/\/madeiraisland.news\/index.php?rest_route=\/wp\/v2\/users\/258"}],"replies":[{"embeddable":true,"href":"https:\/\/madeiraisland.news\/index.php?rest_route=%2Fwp%2Fv2%2Fcomments&post=1208268"}],"version-history":[{"count":1,"href":"https:\/\/madeiraisland.news\/index.php?rest_route=\/wp\/v2\/posts\/1208268\/revisions"}],"predecessor-version":[{"id":1208269,"href":"https:\/\/madeiraisland.news\/index.php?rest_route=\/wp\/v2\/posts\/1208268\/revisions\/1208269"}],"wp:attachment":[{"href":"https:\/\/madeiraisland.news\/index.php?rest_route=%2Fwp%2Fv2%2Fmedia&parent=1208268"}],"wp:term":[{"taxonomy":"category","embeddable":true,"href":"https:\/\/madeiraisland.news\/index.php?rest_route=%2Fwp%2Fv2%2Fcategories&post=1208268"},{"taxonomy":"post_tag","embeddable":true,"href":"https:\/\/madeiraisland.news\/index.php?rest_route=%2Fwp%2Fv2%2Ftags&post=1208268"}],"curies":[{"name":"wp","href":"https:\/\/api.w.org\/{rel}","templated":true}]}}