{"id":1208266,"date":"2026-08-31T19:25:41","date_gmt":"2026-08-31T19:25:41","guid":{"rendered":"https:\/\/madeiraisland.news\/?p=1208266"},"modified":"2026-08-31T19:31:22","modified_gmt":"2026-08-31T19:31:22","slug":"be-nao-poupa-a-camara-de-santa-cruz-pelo-que-nao-fez-em-materia-de-habitacao","status":"publish","type":"post","link":"https:\/\/madeiraisland.news\/?p=1208266","title":{"rendered":"BE n\u00e3o poupa a C\u00e2mara de Santa Cruz pelo que n\u00e3o fez em mat\u00e9ria de habita\u00e7\u00e3o"},"content":{"rendered":"<p>O Bloco de Esquerda\/Madeira n\u00e3o poupa a actua\u00e7\u00e3o do munic\u00edpio de Santa Cruz na \u00e1rea da habita\u00e7\u00e3o e considera que a Carta Municipal de Habita\u00e7\u00e3o agora em consulta p\u00fablica n\u00e3o responde, por si s\u00f3, aos principais problemas habitacionais do concelho. O BE acusa a C\u00e2mara Municipal de Santa Cruz de atrasar a resposta p\u00fablica \u00e0s [\u2026]<\/p>\n","protected":false},"excerpt":{"rendered":"<p>O Bloco de Esquerda\/Madeira n\u00e3o poupa a actua\u00e7\u00e3o do munic\u00edpio de Santa Cruz na \u00e1rea da habita\u00e7\u00e3o e considera que &#8230; <\/p>\n<p class=\"read-more-container\"><a title=\"BE n\u00e3o poupa a C\u00e2mara de Santa Cruz pelo que n\u00e3o fez em mat\u00e9ria de habita\u00e7\u00e3o\" class=\"read-more button\" href=\"https:\/\/madeiraisland.news\/?p=1208266#more-1208266\" aria-label=\"Read more about BE n\u00e3o poupa a C\u00e2mara de Santa Cruz pelo que n\u00e3o fez em mat\u00e9ria de habita\u00e7\u00e3o\">Read more<\/a><\/p>\n","protected":false},"author":258,"featured_media":0,"comment_status":"open","ping_status":"","sticky":false,"template":"","format":"standard","meta":{"footnotes":""},"categories":[19],"tags":[],"class_list":["post-1208266","post","type-post","status-publish","format-standard","hentry","category-madeira-island-news","infinite-scroll-item","masonry-post","generate-columns","tablet-grid-50","mobile-grid-100","grid-parent","grid-33"],"_links":{"self":[{"href":"https:\/\/madeiraisland.news\/index.php?rest_route=\/wp\/v2\/posts\/1208266","targetHints":{"allow":["GET"]}}],"collection":[{"href":"https:\/\/madeiraisland.news\/index.php?rest_route=\/wp\/v2\/posts"}],"about":[{"href":"https:\/\/madeiraisland.news\/index.php?rest_route=\/wp\/v2\/types\/post"}],"author":[{"embeddable":true,"href":"https:\/\/madeiraisland.news\/index.php?rest_route=\/wp\/v2\/users\/258"}],"replies":[{"embeddable":true,"href":"https:\/\/madeiraisland.news\/index.php?rest_route=%2Fwp%2Fv2%2Fcomments&post=1208266"}],"version-history":[{"count":1,"href":"https:\/\/madeiraisland.news\/index.php?rest_route=\/wp\/v2\/posts\/1208266\/revisions"}],"predecessor-version":[{"id":1208267,"href":"https:\/\/madeiraisland.news\/index.php?rest_route=\/wp\/v2\/posts\/1208266\/revisions\/1208267"}],"wp:attachment":[{"href":"https:\/\/madeiraisland.news\/index.php?rest_route=%2Fwp%2Fv2%2Fmedia&parent=1208266"}],"wp:term":[{"taxonomy":"category","embeddable":true,"href":"https:\/\/madeiraisland.news\/index.php?rest_route=%2Fwp%2Fv2%2Fcategories&post=1208266"},{"taxonomy":"post_tag","embeddable":true,"href":"https:\/\/madeiraisland.news\/index.php?rest_route=%2Fwp%2Fv2%2Ftags&post=1208266"}],"curies":[{"name":"wp","href":"https:\/\/api.w.org\/{rel}","templated":true}]}}