{"id":1208264,"date":"2026-08-31T19:29:03","date_gmt":"2026-08-31T19:29:03","guid":{"rendered":"https:\/\/madeiraisland.news\/?p=1208264"},"modified":"2026-08-31T19:31:22","modified_gmt":"2026-08-31T19:31:22","slug":"apicultores-devem-declarar-existencias-ate-30-de-setembro","status":"publish","type":"post","link":"https:\/\/madeiraisland.news\/?p=1208264","title":{"rendered":"Apicultores devem declarar exist\u00eancias at\u00e9 30 de Setembro"},"content":{"rendered":"<p>Os apicultores com actividade registada na Regi\u00e3o devem proceder \u00e0 Declara\u00e7\u00e3o Anual de Exist\u00eancias entre os dias 1 e 30 de Setembro de 2026, informa a Secretaria Regional de Agricultura e Pescas, atrav\u00e9s da Direc\u00e7\u00e3o Regional de Agricultura e Desenvolvimento Rural. A declara\u00e7\u00e3o poder\u00e1 ser efectuada atrav\u00e9s de atendimento presencial, na Divis\u00e3o de Experimenta\u00e7\u00e3o e [\u2026]<\/p>\n","protected":false},"excerpt":{"rendered":"<p>Os apicultores com actividade registada na Regi\u00e3o devem proceder \u00e0 Declara\u00e7\u00e3o Anual de Exist\u00eancias entre os dias 1 e 30 &#8230; <\/p>\n<p class=\"read-more-container\"><a title=\"Apicultores devem declarar exist\u00eancias at\u00e9 30 de Setembro\" class=\"read-more button\" href=\"https:\/\/madeiraisland.news\/?p=1208264#more-1208264\" aria-label=\"Read more about Apicultores devem declarar exist\u00eancias at\u00e9 30 de Setembro\">Read more<\/a><\/p>\n","protected":false},"author":258,"featured_media":0,"comment_status":"open","ping_status":"","sticky":false,"template":"","format":"standard","meta":{"footnotes":""},"categories":[19],"tags":[],"class_list":["post-1208264","post","type-post","status-publish","format-standard","hentry","category-madeira-island-news","infinite-scroll-item","masonry-post","generate-columns","tablet-grid-50","mobile-grid-100","grid-parent","grid-33"],"_links":{"self":[{"href":"https:\/\/madeiraisland.news\/index.php?rest_route=\/wp\/v2\/posts\/1208264","targetHints":{"allow":["GET"]}}],"collection":[{"href":"https:\/\/madeiraisland.news\/index.php?rest_route=\/wp\/v2\/posts"}],"about":[{"href":"https:\/\/madeiraisland.news\/index.php?rest_route=\/wp\/v2\/types\/post"}],"author":[{"embeddable":true,"href":"https:\/\/madeiraisland.news\/index.php?rest_route=\/wp\/v2\/users\/258"}],"replies":[{"embeddable":true,"href":"https:\/\/madeiraisland.news\/index.php?rest_route=%2Fwp%2Fv2%2Fcomments&post=1208264"}],"version-history":[{"count":1,"href":"https:\/\/madeiraisland.news\/index.php?rest_route=\/wp\/v2\/posts\/1208264\/revisions"}],"predecessor-version":[{"id":1208265,"href":"https:\/\/madeiraisland.news\/index.php?rest_route=\/wp\/v2\/posts\/1208264\/revisions\/1208265"}],"wp:attachment":[{"href":"https:\/\/madeiraisland.news\/index.php?rest_route=%2Fwp%2Fv2%2Fmedia&parent=1208264"}],"wp:term":[{"taxonomy":"category","embeddable":true,"href":"https:\/\/madeiraisland.news\/index.php?rest_route=%2Fwp%2Fv2%2Fcategories&post=1208264"},{"taxonomy":"post_tag","embeddable":true,"href":"https:\/\/madeiraisland.news\/index.php?rest_route=%2Fwp%2Fv2%2Ftags&post=1208264"}],"curies":[{"name":"wp","href":"https:\/\/api.w.org\/{rel}","templated":true}]}}