{"id":1208257,"date":"2026-08-31T18:49:42","date_gmt":"2026-08-31T18:49:42","guid":{"rendered":"https:\/\/madeiraisland.news\/?p=1208257"},"modified":"2026-08-31T19:00:34","modified_gmt":"2026-08-31T19:00:34","slug":"morreu-o-professor-de-educacao-fisica-e-ex-treinador-de-andebol-elder-cardoso","status":"publish","type":"post","link":"https:\/\/madeiraisland.news\/?p=1208257","title":{"rendered":"Morreu o professor de educa\u00e7\u00e3o f\u00edsica e ex-treinador de andebol \u00c9lder Cardoso"},"content":{"rendered":"<p>Faleceu o professor e ex-treinador de andebol, \u00c9lder Cardoso. \u00c9lder Cardoso fica na hist\u00f3ria do andebol, na hist\u00f3ria do CS Mar\u00edtimo. Deixa tamb\u00e9m uma marca em gera\u00e7\u00f5es de alunos que formou como Professor de Educa\u00e7\u00e3o F\u00edsica, na comunidade escolar e na Escola B\u00e1sica dos Louros que serviu no Conselho Executivo. Ali\u00e1s, tinha tomado posse em [\u2026]<\/p>\n","protected":false},"excerpt":{"rendered":"<p>Faleceu o professor e ex-treinador de andebol, \u00c9lder Cardoso. \u00c9lder Cardoso fica na hist\u00f3ria do andebol, na hist\u00f3ria do CS &#8230; <\/p>\n<p class=\"read-more-container\"><a title=\"Morreu o professor de educa\u00e7\u00e3o f\u00edsica e ex-treinador de andebol \u00c9lder Cardoso\" class=\"read-more button\" href=\"https:\/\/madeiraisland.news\/?p=1208257#more-1208257\" aria-label=\"Read more about Morreu o professor de educa\u00e7\u00e3o f\u00edsica e ex-treinador de andebol \u00c9lder Cardoso\">Read more<\/a><\/p>\n","protected":false},"author":259,"featured_media":0,"comment_status":"open","ping_status":"","sticky":false,"template":"","format":"standard","meta":{"footnotes":""},"categories":[19],"tags":[],"class_list":["post-1208257","post","type-post","status-publish","format-standard","hentry","category-madeira-island-news","infinite-scroll-item","masonry-post","generate-columns","tablet-grid-50","mobile-grid-100","grid-parent","grid-33"],"_links":{"self":[{"href":"https:\/\/madeiraisland.news\/index.php?rest_route=\/wp\/v2\/posts\/1208257","targetHints":{"allow":["GET"]}}],"collection":[{"href":"https:\/\/madeiraisland.news\/index.php?rest_route=\/wp\/v2\/posts"}],"about":[{"href":"https:\/\/madeiraisland.news\/index.php?rest_route=\/wp\/v2\/types\/post"}],"author":[{"embeddable":true,"href":"https:\/\/madeiraisland.news\/index.php?rest_route=\/wp\/v2\/users\/259"}],"replies":[{"embeddable":true,"href":"https:\/\/madeiraisland.news\/index.php?rest_route=%2Fwp%2Fv2%2Fcomments&post=1208257"}],"version-history":[{"count":1,"href":"https:\/\/madeiraisland.news\/index.php?rest_route=\/wp\/v2\/posts\/1208257\/revisions"}],"predecessor-version":[{"id":1208258,"href":"https:\/\/madeiraisland.news\/index.php?rest_route=\/wp\/v2\/posts\/1208257\/revisions\/1208258"}],"wp:attachment":[{"href":"https:\/\/madeiraisland.news\/index.php?rest_route=%2Fwp%2Fv2%2Fmedia&parent=1208257"}],"wp:term":[{"taxonomy":"category","embeddable":true,"href":"https:\/\/madeiraisland.news\/index.php?rest_route=%2Fwp%2Fv2%2Fcategories&post=1208257"},{"taxonomy":"post_tag","embeddable":true,"href":"https:\/\/madeiraisland.news\/index.php?rest_route=%2Fwp%2Fv2%2Ftags&post=1208257"}],"curies":[{"name":"wp","href":"https:\/\/api.w.org\/{rel}","templated":true}]}}