{"id":1208255,"date":"2026-08-31T18:43:39","date_gmt":"2026-08-31T18:43:39","guid":{"rendered":"https:\/\/madeiraisland.news\/?p=1208255"},"modified":"2026-08-31T18:47:25","modified_gmt":"2026-08-31T18:47:25","slug":"paroquia-das-eiras-realiza-encontros-religiosos","status":"publish","type":"post","link":"https:\/\/madeiraisland.news\/?p=1208255","title":{"rendered":"Par\u00f3quia das Eiras realiza encontros religiosos"},"content":{"rendered":"<p>A Par\u00f3quia das Eiras, no Cani\u00e7o, em colabora\u00e7\u00e3o com o Movimento da Mensagem de F\u00e1tima da Diocese do Funchal, ir\u00e1 promover, no primeiro s\u00e1bado de cada m\u00eas, um momento de ora\u00e7\u00e3o e devo\u00e7\u00e3o ao Imaculado Cora\u00e7\u00e3o de Maria, refere uma nota. \u201cSer\u00e1 uma oportunidade para vivermos juntos momentos de adora\u00e7\u00e3o ao Sant\u00edssimo Sacramento, ora\u00e7\u00e3o do [\u2026]<\/p>\n","protected":false},"excerpt":{"rendered":"<p>A Par\u00f3quia das Eiras, no Cani\u00e7o, em colabora\u00e7\u00e3o com o Movimento da Mensagem de F\u00e1tima da Diocese do Funchal, ir\u00e1 &#8230; <\/p>\n<p class=\"read-more-container\"><a title=\"Par\u00f3quia das Eiras realiza encontros religiosos\" class=\"read-more button\" href=\"https:\/\/madeiraisland.news\/?p=1208255#more-1208255\" aria-label=\"Read more about Par\u00f3quia das Eiras realiza encontros religiosos\">Read more<\/a><\/p>\n","protected":false},"author":258,"featured_media":0,"comment_status":"open","ping_status":"","sticky":false,"template":"","format":"standard","meta":{"footnotes":""},"categories":[19],"tags":[],"class_list":["post-1208255","post","type-post","status-publish","format-standard","hentry","category-madeira-island-news","infinite-scroll-item","masonry-post","generate-columns","tablet-grid-50","mobile-grid-100","grid-parent","grid-33"],"_links":{"self":[{"href":"https:\/\/madeiraisland.news\/index.php?rest_route=\/wp\/v2\/posts\/1208255","targetHints":{"allow":["GET"]}}],"collection":[{"href":"https:\/\/madeiraisland.news\/index.php?rest_route=\/wp\/v2\/posts"}],"about":[{"href":"https:\/\/madeiraisland.news\/index.php?rest_route=\/wp\/v2\/types\/post"}],"author":[{"embeddable":true,"href":"https:\/\/madeiraisland.news\/index.php?rest_route=\/wp\/v2\/users\/258"}],"replies":[{"embeddable":true,"href":"https:\/\/madeiraisland.news\/index.php?rest_route=%2Fwp%2Fv2%2Fcomments&post=1208255"}],"version-history":[{"count":1,"href":"https:\/\/madeiraisland.news\/index.php?rest_route=\/wp\/v2\/posts\/1208255\/revisions"}],"predecessor-version":[{"id":1208256,"href":"https:\/\/madeiraisland.news\/index.php?rest_route=\/wp\/v2\/posts\/1208255\/revisions\/1208256"}],"wp:attachment":[{"href":"https:\/\/madeiraisland.news\/index.php?rest_route=%2Fwp%2Fv2%2Fmedia&parent=1208255"}],"wp:term":[{"taxonomy":"category","embeddable":true,"href":"https:\/\/madeiraisland.news\/index.php?rest_route=%2Fwp%2Fv2%2Fcategories&post=1208255"},{"taxonomy":"post_tag","embeddable":true,"href":"https:\/\/madeiraisland.news\/index.php?rest_route=%2Fwp%2Fv2%2Ftags&post=1208255"}],"curies":[{"name":"wp","href":"https:\/\/api.w.org\/{rel}","templated":true}]}}