{"id":1208253,"date":"2026-08-31T18:26:10","date_gmt":"2026-08-31T18:26:10","guid":{"rendered":"https:\/\/madeiraisland.news\/?p=1208253"},"modified":"2026-08-31T18:35:43","modified_gmt":"2026-08-31T18:35:43","slug":"treinador-joao-giao-deixa-o-nacional","status":"publish","type":"post","link":"https:\/\/madeiraisland.news\/?p=1208253","title":{"rendered":"Treinador Jo\u00e3o Gi\u00e3o deixa o Nacional"},"content":{"rendered":"<p>\u00a0 O jornal desportivo \u201cRecord\u201d noticiou que Jo\u00e3o Gi\u00e3o deixou de ser treinador do Nacional. Segundo a publica\u00e7\u00e3o, o t\u00e9cnico foi despedido pelo presidente Rui Alves ap\u00f3s a derrota com o Estrela da Amadora em casa (2-3), no domingo. Cust\u00f3dio Castro, que na temporada passada orientou o Alverca, \u00e9 apontado como prov\u00e1vel sucessor, refere o [\u2026]<\/p>\n","protected":false},"excerpt":{"rendered":"<p>\u00a0 O jornal desportivo \u201cRecord\u201d noticiou que Jo\u00e3o Gi\u00e3o deixou de ser treinador do Nacional. Segundo a publica\u00e7\u00e3o, o t\u00e9cnico &#8230; <\/p>\n<p class=\"read-more-container\"><a title=\"Treinador Jo\u00e3o Gi\u00e3o deixa o Nacional\" class=\"read-more button\" href=\"https:\/\/madeiraisland.news\/?p=1208253#more-1208253\" aria-label=\"Read more about Treinador Jo\u00e3o Gi\u00e3o deixa o Nacional\">Read more<\/a><\/p>\n","protected":false},"author":258,"featured_media":0,"comment_status":"open","ping_status":"","sticky":false,"template":"","format":"standard","meta":{"footnotes":""},"categories":[19],"tags":[],"class_list":["post-1208253","post","type-post","status-publish","format-standard","hentry","category-madeira-island-news","infinite-scroll-item","masonry-post","generate-columns","tablet-grid-50","mobile-grid-100","grid-parent","grid-33"],"_links":{"self":[{"href":"https:\/\/madeiraisland.news\/index.php?rest_route=\/wp\/v2\/posts\/1208253","targetHints":{"allow":["GET"]}}],"collection":[{"href":"https:\/\/madeiraisland.news\/index.php?rest_route=\/wp\/v2\/posts"}],"about":[{"href":"https:\/\/madeiraisland.news\/index.php?rest_route=\/wp\/v2\/types\/post"}],"author":[{"embeddable":true,"href":"https:\/\/madeiraisland.news\/index.php?rest_route=\/wp\/v2\/users\/258"}],"replies":[{"embeddable":true,"href":"https:\/\/madeiraisland.news\/index.php?rest_route=%2Fwp%2Fv2%2Fcomments&post=1208253"}],"version-history":[{"count":1,"href":"https:\/\/madeiraisland.news\/index.php?rest_route=\/wp\/v2\/posts\/1208253\/revisions"}],"predecessor-version":[{"id":1208254,"href":"https:\/\/madeiraisland.news\/index.php?rest_route=\/wp\/v2\/posts\/1208253\/revisions\/1208254"}],"wp:attachment":[{"href":"https:\/\/madeiraisland.news\/index.php?rest_route=%2Fwp%2Fv2%2Fmedia&parent=1208253"}],"wp:term":[{"taxonomy":"category","embeddable":true,"href":"https:\/\/madeiraisland.news\/index.php?rest_route=%2Fwp%2Fv2%2Fcategories&post=1208253"},{"taxonomy":"post_tag","embeddable":true,"href":"https:\/\/madeiraisland.news\/index.php?rest_route=%2Fwp%2Fv2%2Ftags&post=1208253"}],"curies":[{"name":"wp","href":"https:\/\/api.w.org\/{rel}","templated":true}]}}