{"id":1208251,"date":"2026-08-31T18:20:14","date_gmt":"2026-08-31T18:20:14","guid":{"rendered":"https:\/\/madeiraisland.news\/?p=1208251"},"modified":"2026-08-31T18:20:47","modified_gmt":"2026-08-31T18:20:47","slug":"ihm-realizou-ferias-vivas-2026-para-150-criancas-e-jovens-dos-polos-comunitarios","status":"publish","type":"post","link":"https:\/\/madeiraisland.news\/?p=1208251","title":{"rendered":"IHM realizou \u201cF\u00e9rias Vivas 2026\u201d para 150 crian\u00e7as e jovens dos p\u00f3los comunit\u00e1rios"},"content":{"rendered":"<p>A IHM \u2013 Investimentos Habitacionais da Madeira realizou, durante os meses de Julho e Agosto, o projecto \u201cF\u00e9rias Vivas 2026\u201d, uma iniciativa dirigida \u00e0s crian\u00e7as e jovens residentes nos conjuntos habitacionais da Nazar\u00e9, Ribeira Grande, Comandante Camacho de Freitas, Santo Amaro, Ribeiro Real, Torre-Machico e Nogueira, para ocuparem os seus tempos livres durante esta interrup\u00e7\u00e3o [\u2026]<\/p>\n","protected":false},"excerpt":{"rendered":"<p>A IHM \u2013 Investimentos Habitacionais da Madeira realizou, durante os meses de Julho e Agosto, o projecto \u201cF\u00e9rias Vivas 2026\u201d, &#8230; <\/p>\n<p class=\"read-more-container\"><a title=\"IHM realizou \u201cF\u00e9rias Vivas 2026\u201d para 150 crian\u00e7as e jovens dos p\u00f3los comunit\u00e1rios\" class=\"read-more button\" href=\"https:\/\/madeiraisland.news\/?p=1208251#more-1208251\" aria-label=\"Read more about IHM realizou \u201cF\u00e9rias Vivas 2026\u201d para 150 crian\u00e7as e jovens dos p\u00f3los comunit\u00e1rios\">Read more<\/a><\/p>\n","protected":false},"author":258,"featured_media":0,"comment_status":"open","ping_status":"","sticky":false,"template":"","format":"standard","meta":{"footnotes":""},"categories":[19],"tags":[],"class_list":["post-1208251","post","type-post","status-publish","format-standard","hentry","category-madeira-island-news","infinite-scroll-item","masonry-post","generate-columns","tablet-grid-50","mobile-grid-100","grid-parent","grid-33"],"_links":{"self":[{"href":"https:\/\/madeiraisland.news\/index.php?rest_route=\/wp\/v2\/posts\/1208251","targetHints":{"allow":["GET"]}}],"collection":[{"href":"https:\/\/madeiraisland.news\/index.php?rest_route=\/wp\/v2\/posts"}],"about":[{"href":"https:\/\/madeiraisland.news\/index.php?rest_route=\/wp\/v2\/types\/post"}],"author":[{"embeddable":true,"href":"https:\/\/madeiraisland.news\/index.php?rest_route=\/wp\/v2\/users\/258"}],"replies":[{"embeddable":true,"href":"https:\/\/madeiraisland.news\/index.php?rest_route=%2Fwp%2Fv2%2Fcomments&post=1208251"}],"version-history":[{"count":1,"href":"https:\/\/madeiraisland.news\/index.php?rest_route=\/wp\/v2\/posts\/1208251\/revisions"}],"predecessor-version":[{"id":1208252,"href":"https:\/\/madeiraisland.news\/index.php?rest_route=\/wp\/v2\/posts\/1208251\/revisions\/1208252"}],"wp:attachment":[{"href":"https:\/\/madeiraisland.news\/index.php?rest_route=%2Fwp%2Fv2%2Fmedia&parent=1208251"}],"wp:term":[{"taxonomy":"category","embeddable":true,"href":"https:\/\/madeiraisland.news\/index.php?rest_route=%2Fwp%2Fv2%2Fcategories&post=1208251"},{"taxonomy":"post_tag","embeddable":true,"href":"https:\/\/madeiraisland.news\/index.php?rest_route=%2Fwp%2Fv2%2Ftags&post=1208251"}],"curies":[{"name":"wp","href":"https:\/\/api.w.org\/{rel}","templated":true}]}}