{"id":1208248,"date":"2026-08-31T17:50:30","date_gmt":"2026-08-31T17:50:30","guid":{"rendered":"https:\/\/madeiraisland.news\/?p=1208248"},"modified":"2026-08-31T17:52:53","modified_gmt":"2026-08-31T17:52:53","slug":"futuro-ascensor-tera-novo-sistema-a-conceber-apos-concurso-internacional","status":"publish","type":"post","link":"https:\/\/madeiraisland.news\/?p=1208248","title":{"rendered":"Futuro ascensor ter\u00e1 &#8220;novo sistema&#8221; a conceber ap\u00f3s concurso internacional"},"content":{"rendered":"<p>O futuro ascensor da Gl\u00f3ria, em Lisboa, contar\u00e1 com um &#8220;novo sistema&#8221; que garantir\u00e1 &#8220;toda a seguran\u00e7a&#8221;, prevendo-se um concurso p\u00fablico internacional de conce\u00e7\u00e3o at\u00e9 ao final mar\u00e7o de 2027 e a inaugura\u00e7\u00e3o do equipamento em 2029, foi hoje divulgado.<br \/>\n&#8220;J\u00e1 n\u00e3o podemos ter um equipamento hist\u00f3rico que funcionava sem modifica\u00e7\u00f5es substantivas at\u00e9 ao dia 01 de janeiro de 1986 e, portanto, estamos perante uma solu\u00e7\u00e3o nova em termos de processo construtivo&#8221;, afirmou o presidente da Carris, Rui Lopo, na a<\/p>\n","protected":false},"excerpt":{"rendered":"<p>O futuro ascensor da Gl\u00f3ria, em Lisboa, contar\u00e1 com um &#8220;novo sistema&#8221; que garantir\u00e1 &#8220;toda a seguran\u00e7a&#8221;, prevendo-se um concurso p\u00fablico internacional de conce\u00e7\u00e3o at\u00e9 ao final mar\u00e7o de 2027 e a inaugura\u00e7\u00e3o do equipamento<\/p>\n","protected":false},"author":5,"featured_media":0,"comment_status":"open","ping_status":"","sticky":false,"template":"","format":"standard","meta":{"footnotes":""},"categories":[19],"tags":[],"class_list":["post-1208248","post","type-post","status-publish","format-standard","hentry","category-madeira-island-news","infinite-scroll-item","masonry-post","generate-columns","tablet-grid-50","mobile-grid-100","grid-parent","grid-33"],"_links":{"self":[{"href":"https:\/\/madeiraisland.news\/index.php?rest_route=\/wp\/v2\/posts\/1208248","targetHints":{"allow":["GET"]}}],"collection":[{"href":"https:\/\/madeiraisland.news\/index.php?rest_route=\/wp\/v2\/posts"}],"about":[{"href":"https:\/\/madeiraisland.news\/index.php?rest_route=\/wp\/v2\/types\/post"}],"author":[{"embeddable":true,"href":"https:\/\/madeiraisland.news\/index.php?rest_route=\/wp\/v2\/users\/5"}],"replies":[{"embeddable":true,"href":"https:\/\/madeiraisland.news\/index.php?rest_route=%2Fwp%2Fv2%2Fcomments&post=1208248"}],"version-history":[{"count":2,"href":"https:\/\/madeiraisland.news\/index.php?rest_route=\/wp\/v2\/posts\/1208248\/revisions"}],"predecessor-version":[{"id":1208250,"href":"https:\/\/madeiraisland.news\/index.php?rest_route=\/wp\/v2\/posts\/1208248\/revisions\/1208250"}],"wp:attachment":[{"href":"https:\/\/madeiraisland.news\/index.php?rest_route=%2Fwp%2Fv2%2Fmedia&parent=1208248"}],"wp:term":[{"taxonomy":"category","embeddable":true,"href":"https:\/\/madeiraisland.news\/index.php?rest_route=%2Fwp%2Fv2%2Fcategories&post=1208248"},{"taxonomy":"post_tag","embeddable":true,"href":"https:\/\/madeiraisland.news\/index.php?rest_route=%2Fwp%2Fv2%2Ftags&post=1208248"}],"curies":[{"name":"wp","href":"https:\/\/api.w.org\/{rel}","templated":true}]}}