{"id":1208241,"date":"2026-08-31T17:07:04","date_gmt":"2026-08-31T17:07:04","guid":{"rendered":"https:\/\/madeiraisland.news\/?p=1208241"},"modified":"2026-08-31T17:17:34","modified_gmt":"2026-08-31T17:17:34","slug":"jovem-acusado-de-76-crimes-de-pornografia-de-menores-e-incitamento-ao-odio-e-violencia","status":"publish","type":"post","link":"https:\/\/madeiraisland.news\/?p=1208241","title":{"rendered":"Jovem acusado de 76 crimes de pornografia de menores e incitamento ao \u00f3dio e viol\u00eancia"},"content":{"rendered":"<p>O Minist\u00e9rio P\u00fablico (MP) acusou um jovem, \u00e0 data dos factos menor de idade, por 76 crimes de pornografia de menores e incitamento ao \u00f3dio e \u00e0 viol\u00eancia, adiantou hoje a Procuradoria-Geral Regional do Porto (PGR-P).<br \/>\nNa sua p\u00e1gina oficial de Internet, a procuradoria referiu que o arguido, a aguardar julgamento em pris\u00e3o preventiva, ter\u00e1 praticado os crimes entre 2024 e 2025, quando tinha 16 e 17 anos.<br \/>\nSegundo a acusa\u00e7\u00e3o, o suspeito dedicou-se a atividades de incitamento ao \u00f3dio e \u00e0 viol\u00eancia e d<\/p>\n","protected":false},"excerpt":{"rendered":"<p>O Minist\u00e9rio P\u00fablico (MP) acusou um jovem, \u00e0 data dos factos menor de idade, por 76 crimes de pornografia de menores e incitamento ao \u00f3dio e \u00e0 viol\u00eancia, adiantou hoje a Procuradoria-Geral Regional do Porto<\/p>\n","protected":false},"author":5,"featured_media":0,"comment_status":"open","ping_status":"","sticky":false,"template":"","format":"standard","meta":{"footnotes":""},"categories":[19],"tags":[],"class_list":["post-1208241","post","type-post","status-publish","format-standard","hentry","category-madeira-island-news","infinite-scroll-item","masonry-post","generate-columns","tablet-grid-50","mobile-grid-100","grid-parent","grid-33"],"_links":{"self":[{"href":"https:\/\/madeiraisland.news\/index.php?rest_route=\/wp\/v2\/posts\/1208241","targetHints":{"allow":["GET"]}}],"collection":[{"href":"https:\/\/madeiraisland.news\/index.php?rest_route=\/wp\/v2\/posts"}],"about":[{"href":"https:\/\/madeiraisland.news\/index.php?rest_route=\/wp\/v2\/types\/post"}],"author":[{"embeddable":true,"href":"https:\/\/madeiraisland.news\/index.php?rest_route=\/wp\/v2\/users\/5"}],"replies":[{"embeddable":true,"href":"https:\/\/madeiraisland.news\/index.php?rest_route=%2Fwp%2Fv2%2Fcomments&post=1208241"}],"version-history":[{"count":2,"href":"https:\/\/madeiraisland.news\/index.php?rest_route=\/wp\/v2\/posts\/1208241\/revisions"}],"predecessor-version":[{"id":1208243,"href":"https:\/\/madeiraisland.news\/index.php?rest_route=\/wp\/v2\/posts\/1208241\/revisions\/1208243"}],"wp:attachment":[{"href":"https:\/\/madeiraisland.news\/index.php?rest_route=%2Fwp%2Fv2%2Fmedia&parent=1208241"}],"wp:term":[{"taxonomy":"category","embeddable":true,"href":"https:\/\/madeiraisland.news\/index.php?rest_route=%2Fwp%2Fv2%2Fcategories&post=1208241"},{"taxonomy":"post_tag","embeddable":true,"href":"https:\/\/madeiraisland.news\/index.php?rest_route=%2Fwp%2Fv2%2Ftags&post=1208241"}],"curies":[{"name":"wp","href":"https:\/\/api.w.org\/{rel}","templated":true}]}}