{"id":1208238,"date":"2026-08-31T17:11:13","date_gmt":"2026-08-31T17:11:13","guid":{"rendered":"https:\/\/madeiraisland.news\/?p=1208238"},"modified":"2026-08-31T17:17:34","modified_gmt":"2026-08-31T17:17:34","slug":"chega-reune-orgaos-do-partido-hoje-e-terca-para-decisao-final-sobre-mocao-de-censura","status":"publish","type":"post","link":"https:\/\/madeiraisland.news\/?p=1208238","title":{"rendered":"Chega re\u00fane \u00f3rg\u00e3os do partido hoje e ter\u00e7a para &#8220;decis\u00e3o final&#8221; sobre mo\u00e7\u00e3o de censura"},"content":{"rendered":"<p>O presidente do Chega vai reunir hoje e ter\u00e7a-feira a dire\u00e7\u00e3o nacional e a bancada parlamentar para decidir sobre a apresenta\u00e7\u00e3o de uma mo\u00e7\u00e3o de censura ao Governo, tendo tamb\u00e9m pedido &#8220;uma conversa&#8221; ao Presidente da Rep\u00fablica.<br \/>\nEm confer\u00eancia de imprensa na sede nacional do partido, em Lisboa, Andr\u00e9 Ventura indicou que vai reunir estes \u00f3rg\u00e3os nacionais para tomar uma &#8220;decis\u00e3o final&#8221; sobre a apresenta\u00e7\u00e3o de uma eventual mo\u00e7\u00e3o de censura ao executivo liderado por Lu\u00eds Montenegro e que tamb\u00e9m j\u00e1 so<\/p>\n","protected":false},"excerpt":{"rendered":"<p>O presidente do Chega vai reunir hoje e ter\u00e7a-feira a dire\u00e7\u00e3o nacional e a bancada parlamentar para decidir sobre a apresenta\u00e7\u00e3o de uma mo\u00e7\u00e3o de censura ao Governo, tendo tamb\u00e9m pedido &#8220;uma conversa&#8221; ao Presidente<\/p>\n","protected":false},"author":5,"featured_media":0,"comment_status":"open","ping_status":"","sticky":false,"template":"","format":"standard","meta":{"footnotes":""},"categories":[19],"tags":[],"class_list":["post-1208238","post","type-post","status-publish","format-standard","hentry","category-madeira-island-news","infinite-scroll-item","masonry-post","generate-columns","tablet-grid-50","mobile-grid-100","grid-parent","grid-33"],"_links":{"self":[{"href":"https:\/\/madeiraisland.news\/index.php?rest_route=\/wp\/v2\/posts\/1208238","targetHints":{"allow":["GET"]}}],"collection":[{"href":"https:\/\/madeiraisland.news\/index.php?rest_route=\/wp\/v2\/posts"}],"about":[{"href":"https:\/\/madeiraisland.news\/index.php?rest_route=\/wp\/v2\/types\/post"}],"author":[{"embeddable":true,"href":"https:\/\/madeiraisland.news\/index.php?rest_route=\/wp\/v2\/users\/5"}],"replies":[{"embeddable":true,"href":"https:\/\/madeiraisland.news\/index.php?rest_route=%2Fwp%2Fv2%2Fcomments&post=1208238"}],"version-history":[{"count":2,"href":"https:\/\/madeiraisland.news\/index.php?rest_route=\/wp\/v2\/posts\/1208238\/revisions"}],"predecessor-version":[{"id":1208240,"href":"https:\/\/madeiraisland.news\/index.php?rest_route=\/wp\/v2\/posts\/1208238\/revisions\/1208240"}],"wp:attachment":[{"href":"https:\/\/madeiraisland.news\/index.php?rest_route=%2Fwp%2Fv2%2Fmedia&parent=1208238"}],"wp:term":[{"taxonomy":"category","embeddable":true,"href":"https:\/\/madeiraisland.news\/index.php?rest_route=%2Fwp%2Fv2%2Fcategories&post=1208238"},{"taxonomy":"post_tag","embeddable":true,"href":"https:\/\/madeiraisland.news\/index.php?rest_route=%2Fwp%2Fv2%2Ftags&post=1208238"}],"curies":[{"name":"wp","href":"https:\/\/api.w.org\/{rel}","templated":true}]}}