{"id":1208236,"date":"2026-08-31T16:17:34","date_gmt":"2026-08-31T16:17:34","guid":{"rendered":"https:\/\/madeiraisland.news\/?p=1208236"},"modified":"2026-08-31T16:31:05","modified_gmt":"2026-08-31T16:31:05","slug":"adn-condena-possivel-mocao-de-censura-do-chega-pensada-para-produzir-manchetes","status":"publish","type":"post","link":"https:\/\/madeiraisland.news\/?p=1208236","title":{"rendered":"ADN condena poss\u00edvel mo\u00e7\u00e3o de censura do CHEGA \u201cpensada para produzir manchetes\u201d"},"content":{"rendered":"<p>O partido ADN divulgou um comunicado no qual considera tardia a poss\u00edvel mo\u00e7\u00e3o de censura anunciada pelo Chega e exige a demiss\u00e3o imediata do ministro em causa, mas alerta que o pa\u00eds enfrenta problemas mais graves, nunca alvo de uma iniciativa semelhante por parte daquele partido. \u201cO Chega decidiu apresentar uma mo\u00e7\u00e3o de censura ao [\u2026]<\/p>\n","protected":false},"excerpt":{"rendered":"<p>O partido ADN divulgou um comunicado no qual considera tardia a poss\u00edvel mo\u00e7\u00e3o de censura anunciada pelo Chega e exige &#8230; <\/p>\n<p class=\"read-more-container\"><a title=\"ADN condena poss\u00edvel mo\u00e7\u00e3o de censura do CHEGA \u201cpensada para produzir manchetes\u201d\" class=\"read-more button\" href=\"https:\/\/madeiraisland.news\/?p=1208236#more-1208236\" aria-label=\"Read more about ADN condena poss\u00edvel mo\u00e7\u00e3o de censura do CHEGA \u201cpensada para produzir manchetes\u201d\">Read more<\/a><\/p>\n","protected":false},"author":258,"featured_media":0,"comment_status":"open","ping_status":"","sticky":false,"template":"","format":"standard","meta":{"footnotes":""},"categories":[19],"tags":[],"class_list":["post-1208236","post","type-post","status-publish","format-standard","hentry","category-madeira-island-news","infinite-scroll-item","masonry-post","generate-columns","tablet-grid-50","mobile-grid-100","grid-parent","grid-33"],"_links":{"self":[{"href":"https:\/\/madeiraisland.news\/index.php?rest_route=\/wp\/v2\/posts\/1208236","targetHints":{"allow":["GET"]}}],"collection":[{"href":"https:\/\/madeiraisland.news\/index.php?rest_route=\/wp\/v2\/posts"}],"about":[{"href":"https:\/\/madeiraisland.news\/index.php?rest_route=\/wp\/v2\/types\/post"}],"author":[{"embeddable":true,"href":"https:\/\/madeiraisland.news\/index.php?rest_route=\/wp\/v2\/users\/258"}],"replies":[{"embeddable":true,"href":"https:\/\/madeiraisland.news\/index.php?rest_route=%2Fwp%2Fv2%2Fcomments&post=1208236"}],"version-history":[{"count":1,"href":"https:\/\/madeiraisland.news\/index.php?rest_route=\/wp\/v2\/posts\/1208236\/revisions"}],"predecessor-version":[{"id":1208237,"href":"https:\/\/madeiraisland.news\/index.php?rest_route=\/wp\/v2\/posts\/1208236\/revisions\/1208237"}],"wp:attachment":[{"href":"https:\/\/madeiraisland.news\/index.php?rest_route=%2Fwp%2Fv2%2Fmedia&parent=1208236"}],"wp:term":[{"taxonomy":"category","embeddable":true,"href":"https:\/\/madeiraisland.news\/index.php?rest_route=%2Fwp%2Fv2%2Fcategories&post=1208236"},{"taxonomy":"post_tag","embeddable":true,"href":"https:\/\/madeiraisland.news\/index.php?rest_route=%2Fwp%2Fv2%2Ftags&post=1208236"}],"curies":[{"name":"wp","href":"https:\/\/api.w.org\/{rel}","templated":true}]}}