{"id":1208234,"date":"2026-08-31T16:22:59","date_gmt":"2026-08-31T16:22:59","guid":{"rendered":"https:\/\/madeiraisland.news\/?p=1208234"},"modified":"2026-08-31T16:31:05","modified_gmt":"2026-08-31T16:31:05","slug":"jpp-continua-visita-produtiva-e-de-grande-interesse-a-jersey","status":"publish","type":"post","link":"https:\/\/madeiraisland.news\/?p=1208234","title":{"rendered":"JPP continua \u201cvisita produtiva e de grande interesse\u201d a Jersey"},"content":{"rendered":"<p>A primeira visita do JPP \u00e0 ilha de Jersey \u201cest\u00e1 a ser muito produtiva e de grande interesse para a dimens\u00e3o pol\u00edtica e econ\u00f3mica que o JPP ambiciona para o futuro da Madeira\u201d, afirmou \u00c9lvio Sousa, secret\u00e1rio-geral do JPP. Os contactos com as institui\u00e7\u00f5es e com o tecido empresarial permitiram observar solu\u00e7\u00f5es concretas numa realidade [\u2026]<\/p>\n","protected":false},"excerpt":{"rendered":"<p>A primeira visita do JPP \u00e0 ilha de Jersey \u201cest\u00e1 a ser muito produtiva e de grande interesse para a &#8230; <\/p>\n<p class=\"read-more-container\"><a title=\"JPP continua \u201cvisita produtiva e de grande interesse\u201d a Jersey\" class=\"read-more button\" href=\"https:\/\/madeiraisland.news\/?p=1208234#more-1208234\" aria-label=\"Read more about JPP continua \u201cvisita produtiva e de grande interesse\u201d a Jersey\">Read more<\/a><\/p>\n","protected":false},"author":258,"featured_media":0,"comment_status":"open","ping_status":"","sticky":false,"template":"","format":"standard","meta":{"footnotes":""},"categories":[19],"tags":[],"class_list":["post-1208234","post","type-post","status-publish","format-standard","hentry","category-madeira-island-news","infinite-scroll-item","masonry-post","generate-columns","tablet-grid-50","mobile-grid-100","grid-parent","grid-33"],"_links":{"self":[{"href":"https:\/\/madeiraisland.news\/index.php?rest_route=\/wp\/v2\/posts\/1208234","targetHints":{"allow":["GET"]}}],"collection":[{"href":"https:\/\/madeiraisland.news\/index.php?rest_route=\/wp\/v2\/posts"}],"about":[{"href":"https:\/\/madeiraisland.news\/index.php?rest_route=\/wp\/v2\/types\/post"}],"author":[{"embeddable":true,"href":"https:\/\/madeiraisland.news\/index.php?rest_route=\/wp\/v2\/users\/258"}],"replies":[{"embeddable":true,"href":"https:\/\/madeiraisland.news\/index.php?rest_route=%2Fwp%2Fv2%2Fcomments&post=1208234"}],"version-history":[{"count":1,"href":"https:\/\/madeiraisland.news\/index.php?rest_route=\/wp\/v2\/posts\/1208234\/revisions"}],"predecessor-version":[{"id":1208235,"href":"https:\/\/madeiraisland.news\/index.php?rest_route=\/wp\/v2\/posts\/1208234\/revisions\/1208235"}],"wp:attachment":[{"href":"https:\/\/madeiraisland.news\/index.php?rest_route=%2Fwp%2Fv2%2Fmedia&parent=1208234"}],"wp:term":[{"taxonomy":"category","embeddable":true,"href":"https:\/\/madeiraisland.news\/index.php?rest_route=%2Fwp%2Fv2%2Fcategories&post=1208234"},{"taxonomy":"post_tag","embeddable":true,"href":"https:\/\/madeiraisland.news\/index.php?rest_route=%2Fwp%2Fv2%2Ftags&post=1208234"}],"curies":[{"name":"wp","href":"https:\/\/api.w.org\/{rel}","templated":true}]}}