{"id":1208231,"date":"2026-08-31T15:27:36","date_gmt":"2026-08-31T15:27:36","guid":{"rendered":"https:\/\/madeiraisland.news\/?p=1208231"},"modified":"2026-08-31T15:30:56","modified_gmt":"2026-08-31T15:30:56","slug":"excedente-do-estado-cai-para-282-me-ate-julho","status":"publish","type":"post","link":"https:\/\/madeiraisland.news\/?p=1208231","title":{"rendered":"Excedente do Estado cai para 282 ME at\u00e9 Julho"},"content":{"rendered":"<p>O Estado registou um excedente de 282 milh\u00f5es de euros at\u00e9 julho, o que evidencia uma descida de 2.040,1 milh\u00f5es de euros face a igual per\u00edodo de 2025, revelou a s\u00edntese de execu\u00e7\u00e3o or\u00e7amental.<br \/>\n&#8220;O saldo das Administra\u00e7\u00f5es P\u00fablicas diminuiu 2.040,1 milh\u00f5es de euros, devido, sobretudo, \u00e0 redu\u00e7\u00e3o do saldo da Administra\u00e7\u00e3o Central (-3.500,9 milh\u00f5es de euros; -2.241,2 milh\u00f5es de euros, sem o efeito dos pagamentos para regulariza\u00e7\u00e3o de d\u00edvidas do SNS)&#8221;, l\u00ea-se no documento hoje divulgado pela Entidade<\/p>\n","protected":false},"excerpt":{"rendered":"<p>O Estado registou um excedente de 282 milh\u00f5es de euros at\u00e9 julho, o que evidencia uma descida de 2.040,1 milh\u00f5es de euros face a igual per\u00edodo de 2025, revelou a s\u00edntese de execu\u00e7\u00e3o or\u00e7amental. &#8220;O<\/p>\n","protected":false},"author":5,"featured_media":0,"comment_status":"open","ping_status":"","sticky":false,"template":"","format":"standard","meta":{"footnotes":""},"categories":[19],"tags":[],"class_list":["post-1208231","post","type-post","status-publish","format-standard","hentry","category-madeira-island-news","infinite-scroll-item","masonry-post","generate-columns","tablet-grid-50","mobile-grid-100","grid-parent","grid-33"],"_links":{"self":[{"href":"https:\/\/madeiraisland.news\/index.php?rest_route=\/wp\/v2\/posts\/1208231","targetHints":{"allow":["GET"]}}],"collection":[{"href":"https:\/\/madeiraisland.news\/index.php?rest_route=\/wp\/v2\/posts"}],"about":[{"href":"https:\/\/madeiraisland.news\/index.php?rest_route=\/wp\/v2\/types\/post"}],"author":[{"embeddable":true,"href":"https:\/\/madeiraisland.news\/index.php?rest_route=\/wp\/v2\/users\/5"}],"replies":[{"embeddable":true,"href":"https:\/\/madeiraisland.news\/index.php?rest_route=%2Fwp%2Fv2%2Fcomments&post=1208231"}],"version-history":[{"count":2,"href":"https:\/\/madeiraisland.news\/index.php?rest_route=\/wp\/v2\/posts\/1208231\/revisions"}],"predecessor-version":[{"id":1208233,"href":"https:\/\/madeiraisland.news\/index.php?rest_route=\/wp\/v2\/posts\/1208231\/revisions\/1208233"}],"wp:attachment":[{"href":"https:\/\/madeiraisland.news\/index.php?rest_route=%2Fwp%2Fv2%2Fmedia&parent=1208231"}],"wp:term":[{"taxonomy":"category","embeddable":true,"href":"https:\/\/madeiraisland.news\/index.php?rest_route=%2Fwp%2Fv2%2Fcategories&post=1208231"},{"taxonomy":"post_tag","embeddable":true,"href":"https:\/\/madeiraisland.news\/index.php?rest_route=%2Fwp%2Fv2%2Ftags&post=1208231"}],"curies":[{"name":"wp","href":"https:\/\/api.w.org\/{rel}","templated":true}]}}