{"id":1208227,"date":"2026-08-31T14:05:06","date_gmt":"2026-08-31T14:05:06","guid":{"rendered":"https:\/\/madeiraisland.news\/?p=1208227"},"modified":"2026-08-31T14:21:36","modified_gmt":"2026-08-31T14:21:36","slug":"liberais-criticam-atraso-do-gr-na-criacao-de-acesso-a-via-rapida-junto-ao-parque-desportivo-de-agua-de-pena","status":"publish","type":"post","link":"https:\/\/madeiraisland.news\/?p=1208227","title":{"rendered":"Liberais criticam atraso do GR na cria\u00e7\u00e3o de acesso \u00e0 via r\u00e1pida junto ao Parque Desportivo de \u00c1gua de Pena"},"content":{"rendered":"<p>A Iniciativa Liberal entende como inaceit\u00e1vel que continue por concretizar a promessa do Governo Regional relativa \u00e0 constru\u00e7\u00e3o de um acesso \u00e0 via r\u00e1pida junto ao Parque Desportivo de \u00c1gua de Pena, em Machico. Os liberais assinalam que j\u00e1 v\u00eam alertando, h\u00e1 mais de dois anos, para a necessidade desta infraestrutura, mencionando o seu papel [\u2026]<\/p>\n","protected":false},"excerpt":{"rendered":"<p>A Iniciativa Liberal entende como inaceit\u00e1vel que continue por concretizar a promessa do Governo Regional relativa \u00e0 constru\u00e7\u00e3o de um &#8230; <\/p>\n<p class=\"read-more-container\"><a title=\"Liberais criticam atraso do GR na cria\u00e7\u00e3o de acesso \u00e0 via r\u00e1pida junto ao Parque Desportivo de \u00c1gua de Pena\" class=\"read-more button\" href=\"https:\/\/madeiraisland.news\/?p=1208227#more-1208227\" aria-label=\"Read more about Liberais criticam atraso do GR na cria\u00e7\u00e3o de acesso \u00e0 via r\u00e1pida junto ao Parque Desportivo de \u00c1gua de Pena\">Read more<\/a><\/p>\n","protected":false},"author":258,"featured_media":0,"comment_status":"open","ping_status":"","sticky":false,"template":"","format":"standard","meta":{"footnotes":""},"categories":[19],"tags":[],"class_list":["post-1208227","post","type-post","status-publish","format-standard","hentry","category-madeira-island-news","infinite-scroll-item","masonry-post","generate-columns","tablet-grid-50","mobile-grid-100","grid-parent","grid-33"],"_links":{"self":[{"href":"https:\/\/madeiraisland.news\/index.php?rest_route=\/wp\/v2\/posts\/1208227","targetHints":{"allow":["GET"]}}],"collection":[{"href":"https:\/\/madeiraisland.news\/index.php?rest_route=\/wp\/v2\/posts"}],"about":[{"href":"https:\/\/madeiraisland.news\/index.php?rest_route=\/wp\/v2\/types\/post"}],"author":[{"embeddable":true,"href":"https:\/\/madeiraisland.news\/index.php?rest_route=\/wp\/v2\/users\/258"}],"replies":[{"embeddable":true,"href":"https:\/\/madeiraisland.news\/index.php?rest_route=%2Fwp%2Fv2%2Fcomments&post=1208227"}],"version-history":[{"count":1,"href":"https:\/\/madeiraisland.news\/index.php?rest_route=\/wp\/v2\/posts\/1208227\/revisions"}],"predecessor-version":[{"id":1208228,"href":"https:\/\/madeiraisland.news\/index.php?rest_route=\/wp\/v2\/posts\/1208227\/revisions\/1208228"}],"wp:attachment":[{"href":"https:\/\/madeiraisland.news\/index.php?rest_route=%2Fwp%2Fv2%2Fmedia&parent=1208227"}],"wp:term":[{"taxonomy":"category","embeddable":true,"href":"https:\/\/madeiraisland.news\/index.php?rest_route=%2Fwp%2Fv2%2Fcategories&post=1208227"},{"taxonomy":"post_tag","embeddable":true,"href":"https:\/\/madeiraisland.news\/index.php?rest_route=%2Fwp%2Fv2%2Ftags&post=1208227"}],"curies":[{"name":"wp","href":"https:\/\/api.w.org\/{rel}","templated":true}]}}