{"id":1208225,"date":"2026-08-31T14:09:42","date_gmt":"2026-08-31T14:09:42","guid":{"rendered":"https:\/\/madeiraisland.news\/?p=1208225"},"modified":"2026-08-31T14:21:35","modified_gmt":"2026-08-31T14:21:35","slug":"apoios-ao-sector-de-panificacao-do-porto-santo-principiam-amanha","status":"publish","type":"post","link":"https:\/\/madeiraisland.news\/?p=1208225","title":{"rendered":"Apoios ao sector de panifica\u00e7\u00e3o do Porto Santo principiam amanh\u00e3"},"content":{"rendered":"<p>O Governo Regional da Madeira, atrav\u00e9s da Secretaria Regional de Economia, vai comparticipar em 90% os custos de transporte mar\u00edtimo de mat\u00e9rias-primas destinadas \u00e0 produ\u00e7\u00e3o de p\u00e3o e pastelaria no Porto Santo. A medida entra em vigor amanh\u00e3 e mant\u00e9m-se at\u00e9 ao final do ano, com um apoio m\u00e1ximo de 10.000 euros por empresa. Esta [\u2026]<\/p>\n","protected":false},"excerpt":{"rendered":"<p>O Governo Regional da Madeira, atrav\u00e9s da Secretaria Regional de Economia, vai comparticipar em 90% os custos de transporte mar\u00edtimo &#8230; <\/p>\n<p class=\"read-more-container\"><a title=\"Apoios ao sector de panifica\u00e7\u00e3o do Porto Santo principiam amanh\u00e3\" class=\"read-more button\" href=\"https:\/\/madeiraisland.news\/?p=1208225#more-1208225\" aria-label=\"Read more about Apoios ao sector de panifica\u00e7\u00e3o do Porto Santo principiam amanh\u00e3\">Read more<\/a><\/p>\n","protected":false},"author":258,"featured_media":0,"comment_status":"open","ping_status":"","sticky":false,"template":"","format":"standard","meta":{"footnotes":""},"categories":[19],"tags":[],"class_list":["post-1208225","post","type-post","status-publish","format-standard","hentry","category-madeira-island-news","infinite-scroll-item","masonry-post","generate-columns","tablet-grid-50","mobile-grid-100","grid-parent","grid-33"],"_links":{"self":[{"href":"https:\/\/madeiraisland.news\/index.php?rest_route=\/wp\/v2\/posts\/1208225","targetHints":{"allow":["GET"]}}],"collection":[{"href":"https:\/\/madeiraisland.news\/index.php?rest_route=\/wp\/v2\/posts"}],"about":[{"href":"https:\/\/madeiraisland.news\/index.php?rest_route=\/wp\/v2\/types\/post"}],"author":[{"embeddable":true,"href":"https:\/\/madeiraisland.news\/index.php?rest_route=\/wp\/v2\/users\/258"}],"replies":[{"embeddable":true,"href":"https:\/\/madeiraisland.news\/index.php?rest_route=%2Fwp%2Fv2%2Fcomments&post=1208225"}],"version-history":[{"count":1,"href":"https:\/\/madeiraisland.news\/index.php?rest_route=\/wp\/v2\/posts\/1208225\/revisions"}],"predecessor-version":[{"id":1208226,"href":"https:\/\/madeiraisland.news\/index.php?rest_route=\/wp\/v2\/posts\/1208225\/revisions\/1208226"}],"wp:attachment":[{"href":"https:\/\/madeiraisland.news\/index.php?rest_route=%2Fwp%2Fv2%2Fmedia&parent=1208225"}],"wp:term":[{"taxonomy":"category","embeddable":true,"href":"https:\/\/madeiraisland.news\/index.php?rest_route=%2Fwp%2Fv2%2Fcategories&post=1208225"},{"taxonomy":"post_tag","embeddable":true,"href":"https:\/\/madeiraisland.news\/index.php?rest_route=%2Fwp%2Fv2%2Ftags&post=1208225"}],"curies":[{"name":"wp","href":"https:\/\/api.w.org\/{rel}","templated":true}]}}