{"id":1208223,"date":"2026-08-31T13:58:33","date_gmt":"2026-08-31T13:58:33","guid":{"rendered":"https:\/\/madeiraisland.news\/?p=1208223"},"modified":"2026-08-31T14:00:18","modified_gmt":"2026-08-31T14:00:18","slug":"jpp-critica-demora-inaceitavel-do-segundo-meio-aereo-de-combate-a-incendios","status":"publish","type":"post","link":"https:\/\/madeiraisland.news\/?p=1208223","title":{"rendered":"JPP critica demora \u201cinaceit\u00e1vel\u201d do segundo meio a\u00e9reo de combate a inc\u00eandios"},"content":{"rendered":"<p>O deputado do Juntos Pelo Povo (JPP), Paulo Alves, veio afirmar que \u00e9 \u201cinaceit\u00e1vel\u201d que o Governo Regional continue a prometer e adiar a disponibiliza\u00e7\u00e3o do segundo meio a\u00e9reo de combate aos inc\u00eandios, numa sucess\u00e3o de promessas que come\u00e7ou em 2025, passou para Julho de 2026 e que agora aponta para Novembro. \u201cEstamos perante uma [\u2026]<\/p>\n","protected":false},"excerpt":{"rendered":"<p>O deputado do Juntos Pelo Povo (JPP), Paulo Alves, veio afirmar que \u00e9 \u201cinaceit\u00e1vel\u201d que o Governo Regional continue a &#8230; <\/p>\n<p class=\"read-more-container\"><a title=\"JPP critica demora \u201cinaceit\u00e1vel\u201d do segundo meio a\u00e9reo de combate a inc\u00eandios\" class=\"read-more button\" href=\"https:\/\/madeiraisland.news\/?p=1208223#more-1208223\" aria-label=\"Read more about JPP critica demora \u201cinaceit\u00e1vel\u201d do segundo meio a\u00e9reo de combate a inc\u00eandios\">Read more<\/a><\/p>\n","protected":false},"author":258,"featured_media":0,"comment_status":"open","ping_status":"","sticky":false,"template":"","format":"standard","meta":{"footnotes":""},"categories":[19],"tags":[],"class_list":["post-1208223","post","type-post","status-publish","format-standard","hentry","category-madeira-island-news","infinite-scroll-item","masonry-post","generate-columns","tablet-grid-50","mobile-grid-100","grid-parent","grid-33"],"_links":{"self":[{"href":"https:\/\/madeiraisland.news\/index.php?rest_route=\/wp\/v2\/posts\/1208223","targetHints":{"allow":["GET"]}}],"collection":[{"href":"https:\/\/madeiraisland.news\/index.php?rest_route=\/wp\/v2\/posts"}],"about":[{"href":"https:\/\/madeiraisland.news\/index.php?rest_route=\/wp\/v2\/types\/post"}],"author":[{"embeddable":true,"href":"https:\/\/madeiraisland.news\/index.php?rest_route=\/wp\/v2\/users\/258"}],"replies":[{"embeddable":true,"href":"https:\/\/madeiraisland.news\/index.php?rest_route=%2Fwp%2Fv2%2Fcomments&post=1208223"}],"version-history":[{"count":1,"href":"https:\/\/madeiraisland.news\/index.php?rest_route=\/wp\/v2\/posts\/1208223\/revisions"}],"predecessor-version":[{"id":1208224,"href":"https:\/\/madeiraisland.news\/index.php?rest_route=\/wp\/v2\/posts\/1208223\/revisions\/1208224"}],"wp:attachment":[{"href":"https:\/\/madeiraisland.news\/index.php?rest_route=%2Fwp%2Fv2%2Fmedia&parent=1208223"}],"wp:term":[{"taxonomy":"category","embeddable":true,"href":"https:\/\/madeiraisland.news\/index.php?rest_route=%2Fwp%2Fv2%2Fcategories&post=1208223"},{"taxonomy":"post_tag","embeddable":true,"href":"https:\/\/madeiraisland.news\/index.php?rest_route=%2Fwp%2Fv2%2Ftags&post=1208223"}],"curies":[{"name":"wp","href":"https:\/\/api.w.org\/{rel}","templated":true}]}}