{"id":1208221,"date":"2026-08-31T13:31:31","date_gmt":"2026-08-31T13:31:31","guid":{"rendered":"https:\/\/madeiraisland.news\/?p=1208221"},"modified":"2026-08-31T13:45:15","modified_gmt":"2026-08-31T13:45:15","slug":"jovem-de-15-anos-sofre-ferimento-na-cabeca-apos-mergulho","status":"publish","type":"post","link":"https:\/\/madeiraisland.news\/?p=1208221","title":{"rendered":"Jovem de 15 anos sofre ferimento na cabe\u00e7a ap\u00f3s mergulho"},"content":{"rendered":"<p>Um jovem de 15 anos ficou ferido, na manh\u00e3 desta segunda-feira, na sequ\u00eancia de um mergulho numa zona balnear, tendo sido posteriormente transportado para o hospital.<br \/>\nSegundo informa\u00e7\u00e3o recolhida, o alerta foi dado pelas 11h05. O adolescente ter\u00e1 sofrido um ferimento na cabe\u00e7a durante o mergulho, circunst\u00e2ncia que motivou a interven\u00e7\u00e3o dos meios de socorro.<br \/>\nDepois de assistido no local, o jovem foi transportado para uma unidade hospitalar.<\/p>\n","protected":false},"excerpt":{"rendered":"<p>Um jovem de 15 anos ficou ferido, na manh\u00e3 desta segunda-feira, na sequ\u00eancia de um mergulho numa zona balnear, tendo &#8230; <\/p>\n<p class=\"read-more-container\"><a title=\"Jovem de 15 anos sofre ferimento na cabe\u00e7a ap\u00f3s mergulho\" class=\"read-more button\" href=\"https:\/\/madeiraisland.news\/?p=1208221#more-1208221\" aria-label=\"Read more about Jovem de 15 anos sofre ferimento na cabe\u00e7a ap\u00f3s mergulho\">Read more<\/a><\/p>\n","protected":false},"author":284,"featured_media":0,"comment_status":"open","ping_status":"","sticky":false,"template":"","format":"standard","meta":{"footnotes":""},"categories":[19],"tags":[],"class_list":["post-1208221","post","type-post","status-publish","format-standard","hentry","category-madeira-island-news","infinite-scroll-item","masonry-post","generate-columns","tablet-grid-50","mobile-grid-100","grid-parent","grid-33"],"_links":{"self":[{"href":"https:\/\/madeiraisland.news\/index.php?rest_route=\/wp\/v2\/posts\/1208221","targetHints":{"allow":["GET"]}}],"collection":[{"href":"https:\/\/madeiraisland.news\/index.php?rest_route=\/wp\/v2\/posts"}],"about":[{"href":"https:\/\/madeiraisland.news\/index.php?rest_route=\/wp\/v2\/types\/post"}],"author":[{"embeddable":true,"href":"https:\/\/madeiraisland.news\/index.php?rest_route=\/wp\/v2\/users\/284"}],"replies":[{"embeddable":true,"href":"https:\/\/madeiraisland.news\/index.php?rest_route=%2Fwp%2Fv2%2Fcomments&post=1208221"}],"version-history":[{"count":1,"href":"https:\/\/madeiraisland.news\/index.php?rest_route=\/wp\/v2\/posts\/1208221\/revisions"}],"predecessor-version":[{"id":1208222,"href":"https:\/\/madeiraisland.news\/index.php?rest_route=\/wp\/v2\/posts\/1208221\/revisions\/1208222"}],"wp:attachment":[{"href":"https:\/\/madeiraisland.news\/index.php?rest_route=%2Fwp%2Fv2%2Fmedia&parent=1208221"}],"wp:term":[{"taxonomy":"category","embeddable":true,"href":"https:\/\/madeiraisland.news\/index.php?rest_route=%2Fwp%2Fv2%2Fcategories&post=1208221"},{"taxonomy":"post_tag","embeddable":true,"href":"https:\/\/madeiraisland.news\/index.php?rest_route=%2Fwp%2Fv2%2Ftags&post=1208221"}],"curies":[{"name":"wp","href":"https:\/\/api.w.org\/{rel}","templated":true}]}}