{"id":1208219,"date":"2026-08-31T13:13:41","date_gmt":"2026-08-31T13:13:41","guid":{"rendered":"https:\/\/madeiraisland.news\/?p=1208219"},"modified":"2026-08-31T13:15:25","modified_gmt":"2026-08-31T13:15:25","slug":"limao-com-forma-invulgar-colhido-na-levada-do-cavalo-vai-ser-analisado-pela-gesba","status":"publish","type":"post","link":"https:\/\/madeiraisland.news\/?p=1208219","title":{"rendered":"Lim\u00e3o com forma invulgar colhido na Levada do Cavalo vai ser analisado pela GESBA"},"content":{"rendered":"<p>Um lim\u00e3o com um aspecto particularmente invulgar foi colhido na horta de Jos\u00e9 Lu\u00eds dos Reis, na zona da Levada do Cavalo, e dever\u00e1 agora seguir para an\u00e1lise laboratorial na GESBA.<br \/>\nO fruto chama imediatamente a aten\u00e7\u00e3o pela sua dimens\u00e3o e, sobretudo, pela forma pouco comum. Como mostra imagem, apresenta uma parte superior bastante volumosa, da qual se prolonga uma estrutura alongada, mantendo, contudo, a textura e a colora\u00e7\u00e3o caracter\u00edsticas da casca de um citrino.<br \/>\nA curiosidade despertada pelo e<\/p>\n","protected":false},"excerpt":{"rendered":"<p>Um lim\u00e3o com um aspecto particularmente invulgar foi colhido na horta de Jos\u00e9 Lu\u00eds dos Reis, na zona da Levada &#8230; <\/p>\n<p class=\"read-more-container\"><a title=\"Lim\u00e3o com forma invulgar colhido na Levada do Cavalo vai ser analisado pela GESBA\" class=\"read-more button\" href=\"https:\/\/madeiraisland.news\/?p=1208219#more-1208219\" aria-label=\"Read more about Lim\u00e3o com forma invulgar colhido na Levada do Cavalo vai ser analisado pela GESBA\">Read more<\/a><\/p>\n","protected":false},"author":284,"featured_media":0,"comment_status":"open","ping_status":"","sticky":false,"template":"","format":"standard","meta":{"footnotes":""},"categories":[19],"tags":[],"class_list":["post-1208219","post","type-post","status-publish","format-standard","hentry","category-madeira-island-news","infinite-scroll-item","masonry-post","generate-columns","tablet-grid-50","mobile-grid-100","grid-parent","grid-33"],"_links":{"self":[{"href":"https:\/\/madeiraisland.news\/index.php?rest_route=\/wp\/v2\/posts\/1208219","targetHints":{"allow":["GET"]}}],"collection":[{"href":"https:\/\/madeiraisland.news\/index.php?rest_route=\/wp\/v2\/posts"}],"about":[{"href":"https:\/\/madeiraisland.news\/index.php?rest_route=\/wp\/v2\/types\/post"}],"author":[{"embeddable":true,"href":"https:\/\/madeiraisland.news\/index.php?rest_route=\/wp\/v2\/users\/284"}],"replies":[{"embeddable":true,"href":"https:\/\/madeiraisland.news\/index.php?rest_route=%2Fwp%2Fv2%2Fcomments&post=1208219"}],"version-history":[{"count":1,"href":"https:\/\/madeiraisland.news\/index.php?rest_route=\/wp\/v2\/posts\/1208219\/revisions"}],"predecessor-version":[{"id":1208220,"href":"https:\/\/madeiraisland.news\/index.php?rest_route=\/wp\/v2\/posts\/1208219\/revisions\/1208220"}],"wp:attachment":[{"href":"https:\/\/madeiraisland.news\/index.php?rest_route=%2Fwp%2Fv2%2Fmedia&parent=1208219"}],"wp:term":[{"taxonomy":"category","embeddable":true,"href":"https:\/\/madeiraisland.news\/index.php?rest_route=%2Fwp%2Fv2%2Fcategories&post=1208219"},{"taxonomy":"post_tag","embeddable":true,"href":"https:\/\/madeiraisland.news\/index.php?rest_route=%2Fwp%2Fv2%2Ftags&post=1208219"}],"curies":[{"name":"wp","href":"https:\/\/api.w.org\/{rel}","templated":true}]}}