{"id":1208215,"date":"2026-08-31T11:00:19","date_gmt":"2026-08-31T11:00:19","guid":{"rendered":"https:\/\/madeiraisland.news\/?p=1208215"},"modified":"2026-08-31T11:16:20","modified_gmt":"2026-08-31T11:16:20","slug":"eduardo-vela-e-o-escandalo-dos-bebes-roubados-em-espanha-o-caso-os-numeros-e-o-que-ficou-provado-1940-1990","status":"publish","type":"post","link":"https:\/\/madeiraisland.news\/?p=1208215","title":{"rendered":"Eduardo Vela e o esc\u00e2ndalo dos beb\u00e9s roubados em Espanha: o caso, os n\u00fameros e o que ficou provado [1940-1990]"},"content":{"rendered":"<p>AF! Eduardo Vela, ginecologista em Madrid, foi a primeira figura a chegar a julgamento no chamado caso dos \u201cbeb\u00e9s roubados\u201d em Espanha, um esc\u00e2ndalo que se prolongou por d\u00e9cadas e envolveu falsifica\u00e7\u00e3o de registos, separa\u00e7\u00e3o de rec\u00e9m-nascidos das m\u00e3es e entregas ilegais a outras fam\u00edlias. O processo tornou-se simb\u00f3lico porque ajudou a expor um sistema [\u2026]<\/p>\n","protected":false},"excerpt":{"rendered":"<p>AF! Eduardo Vela, ginecologista em Madrid, foi a primeira figura a chegar a julgamento no chamado caso dos \u201cbeb\u00e9s roubados\u201d &#8230; <\/p>\n<p class=\"read-more-container\"><a title=\"Eduardo Vela e o esc\u00e2ndalo dos beb\u00e9s roubados em Espanha: o caso, os n\u00fameros e o que ficou provado [1940-1990]\" class=\"read-more button\" href=\"https:\/\/madeiraisland.news\/?p=1208215#more-1208215\" aria-label=\"Read more about Eduardo Vela e o esc\u00e2ndalo dos beb\u00e9s roubados em Espanha: o caso, os n\u00fameros e o que ficou provado [1940-1990]\">Read more<\/a><\/p>\n","protected":false},"author":260,"featured_media":0,"comment_status":"open","ping_status":"","sticky":false,"template":"","format":"standard","meta":{"footnotes":""},"categories":[19],"tags":[],"class_list":["post-1208215","post","type-post","status-publish","format-standard","hentry","category-madeira-island-news","infinite-scroll-item","masonry-post","generate-columns","tablet-grid-50","mobile-grid-100","grid-parent","grid-33"],"_links":{"self":[{"href":"https:\/\/madeiraisland.news\/index.php?rest_route=\/wp\/v2\/posts\/1208215","targetHints":{"allow":["GET"]}}],"collection":[{"href":"https:\/\/madeiraisland.news\/index.php?rest_route=\/wp\/v2\/posts"}],"about":[{"href":"https:\/\/madeiraisland.news\/index.php?rest_route=\/wp\/v2\/types\/post"}],"author":[{"embeddable":true,"href":"https:\/\/madeiraisland.news\/index.php?rest_route=\/wp\/v2\/users\/260"}],"replies":[{"embeddable":true,"href":"https:\/\/madeiraisland.news\/index.php?rest_route=%2Fwp%2Fv2%2Fcomments&post=1208215"}],"version-history":[{"count":1,"href":"https:\/\/madeiraisland.news\/index.php?rest_route=\/wp\/v2\/posts\/1208215\/revisions"}],"predecessor-version":[{"id":1208216,"href":"https:\/\/madeiraisland.news\/index.php?rest_route=\/wp\/v2\/posts\/1208215\/revisions\/1208216"}],"wp:attachment":[{"href":"https:\/\/madeiraisland.news\/index.php?rest_route=%2Fwp%2Fv2%2Fmedia&parent=1208215"}],"wp:term":[{"taxonomy":"category","embeddable":true,"href":"https:\/\/madeiraisland.news\/index.php?rest_route=%2Fwp%2Fv2%2Fcategories&post=1208215"},{"taxonomy":"post_tag","embeddable":true,"href":"https:\/\/madeiraisland.news\/index.php?rest_route=%2Fwp%2Fv2%2Ftags&post=1208215"}],"curies":[{"name":"wp","href":"https:\/\/api.w.org\/{rel}","templated":true}]}}