{"id":1208209,"date":"2026-08-31T06:50:26","date_gmt":"2026-08-31T06:50:26","guid":{"rendered":"https:\/\/madeiraisland.news\/?p=1208209"},"modified":"2026-08-31T07:01:58","modified_gmt":"2026-08-31T07:01:58","slug":"proprietarios-com-imi-acima-de-500-euros-tem-ate-hoje-para-pagar-2-a-prestacao","status":"publish","type":"post","link":"https:\/\/madeiraisland.news\/?p=1208209","title":{"rendered":"Propriet\u00e1rios com IMI acima de 500 euros t\u00eam at\u00e9 hoje para pagar 2.\u00aa presta\u00e7\u00e3o"},"content":{"rendered":"<p>Os propriet\u00e1rios de im\u00f3veis com um valor anual de IMI superior a 500 euros t\u00eam at\u00e9 hoje para pagar a segunda presta\u00e7\u00e3o do imposto \u00e0s Finan\u00e7as.<br \/>\nO prazo termina em 31 de agosto, sendo relevante para quem tem de pagar um Imposto Municipal sobre Im\u00f3veis (IMI) acima de 500 euros e n\u00e3o entregou todo o montante \u00e0 Autoridade Tribut\u00e1ria e Aduaneira de uma s\u00f3 vez no momento da primeira presta\u00e7\u00e3o, em maio.<br \/>\nAs regras do C\u00f3digo do IMI preveem momentos diferentes para o pagamento, em fun\u00e7\u00e3o do montante anual <\/p>\n","protected":false},"excerpt":{"rendered":"<p>Os propriet\u00e1rios de im\u00f3veis com um valor anual de IMI superior a 500 euros t\u00eam at\u00e9 hoje para pagar a segunda presta\u00e7\u00e3o do imposto \u00e0s Finan\u00e7as. O prazo termina em 31 de agosto, sendo relevante<\/p>\n","protected":false},"author":5,"featured_media":0,"comment_status":"open","ping_status":"","sticky":false,"template":"","format":"standard","meta":{"footnotes":""},"categories":[19],"tags":[],"class_list":["post-1208209","post","type-post","status-publish","format-standard","hentry","category-madeira-island-news","infinite-scroll-item","masonry-post","generate-columns","tablet-grid-50","mobile-grid-100","grid-parent","grid-33"],"_links":{"self":[{"href":"https:\/\/madeiraisland.news\/index.php?rest_route=\/wp\/v2\/posts\/1208209","targetHints":{"allow":["GET"]}}],"collection":[{"href":"https:\/\/madeiraisland.news\/index.php?rest_route=\/wp\/v2\/posts"}],"about":[{"href":"https:\/\/madeiraisland.news\/index.php?rest_route=\/wp\/v2\/types\/post"}],"author":[{"embeddable":true,"href":"https:\/\/madeiraisland.news\/index.php?rest_route=\/wp\/v2\/users\/5"}],"replies":[{"embeddable":true,"href":"https:\/\/madeiraisland.news\/index.php?rest_route=%2Fwp%2Fv2%2Fcomments&post=1208209"}],"version-history":[{"count":2,"href":"https:\/\/madeiraisland.news\/index.php?rest_route=\/wp\/v2\/posts\/1208209\/revisions"}],"predecessor-version":[{"id":1208211,"href":"https:\/\/madeiraisland.news\/index.php?rest_route=\/wp\/v2\/posts\/1208209\/revisions\/1208211"}],"wp:attachment":[{"href":"https:\/\/madeiraisland.news\/index.php?rest_route=%2Fwp%2Fv2%2Fmedia&parent=1208209"}],"wp:term":[{"taxonomy":"category","embeddable":true,"href":"https:\/\/madeiraisland.news\/index.php?rest_route=%2Fwp%2Fv2%2Fcategories&post=1208209"},{"taxonomy":"post_tag","embeddable":true,"href":"https:\/\/madeiraisland.news\/index.php?rest_route=%2Fwp%2Fv2%2Ftags&post=1208209"}],"curies":[{"name":"wp","href":"https:\/\/api.w.org\/{rel}","templated":true}]}}