{"id":1208206,"date":"2026-08-31T06:59:21","date_gmt":"2026-08-31T06:59:21","guid":{"rendered":"https:\/\/madeiraisland.news\/?p=1208206"},"modified":"2026-08-31T07:01:58","modified_gmt":"2026-08-31T07:01:58","slug":"temperaturas-vao-subir-10-a-12-graus-em-alguns-locais-a-partir-de-quarta-feira","status":"publish","type":"post","link":"https:\/\/madeiraisland.news\/?p=1208206","title":{"rendered":"Temperaturas v\u00e3o subir 10 a 12 graus em alguns locais a partir de quarta-feira"},"content":{"rendered":"<p>As temperaturas m\u00e1ximas v\u00e3o subir 10 a 12 graus Celsius em alguns locais de Portugal continental a partir de quarta-feira, podendo atingir os 40 a 42 graus no Vale do Tejo, Beira Baixa e Alentejo, segundo o IPMA.<br \/>\n&#8220;Nos dias 02 e 03 [quarta e quinta-feira] vamos ter uma subida da temperatura, que ser\u00e1 gradual e ser\u00e3o subidas acentuadas. Nos dois dias temos subidas de temperatura que podem atingir os 10 a 12 graus em alguns locais e noutros inferiores que ser\u00e3o de 06 e 08 graus, mas no litoral a te<\/p>\n","protected":false},"excerpt":{"rendered":"<p>As temperaturas m\u00e1ximas v\u00e3o subir 10 a 12 graus Celsius em alguns locais de Portugal continental a partir de quarta-feira, podendo atingir os 40 a 42 graus no Vale do Tejo, Beira Baixa e Alentejo,<\/p>\n","protected":false},"author":5,"featured_media":0,"comment_status":"open","ping_status":"","sticky":false,"template":"","format":"standard","meta":{"footnotes":""},"categories":[19],"tags":[],"class_list":["post-1208206","post","type-post","status-publish","format-standard","hentry","category-madeira-island-news","infinite-scroll-item","masonry-post","generate-columns","tablet-grid-50","mobile-grid-100","grid-parent","grid-33"],"_links":{"self":[{"href":"https:\/\/madeiraisland.news\/index.php?rest_route=\/wp\/v2\/posts\/1208206","targetHints":{"allow":["GET"]}}],"collection":[{"href":"https:\/\/madeiraisland.news\/index.php?rest_route=\/wp\/v2\/posts"}],"about":[{"href":"https:\/\/madeiraisland.news\/index.php?rest_route=\/wp\/v2\/types\/post"}],"author":[{"embeddable":true,"href":"https:\/\/madeiraisland.news\/index.php?rest_route=\/wp\/v2\/users\/5"}],"replies":[{"embeddable":true,"href":"https:\/\/madeiraisland.news\/index.php?rest_route=%2Fwp%2Fv2%2Fcomments&post=1208206"}],"version-history":[{"count":2,"href":"https:\/\/madeiraisland.news\/index.php?rest_route=\/wp\/v2\/posts\/1208206\/revisions"}],"predecessor-version":[{"id":1208208,"href":"https:\/\/madeiraisland.news\/index.php?rest_route=\/wp\/v2\/posts\/1208206\/revisions\/1208208"}],"wp:attachment":[{"href":"https:\/\/madeiraisland.news\/index.php?rest_route=%2Fwp%2Fv2%2Fmedia&parent=1208206"}],"wp:term":[{"taxonomy":"category","embeddable":true,"href":"https:\/\/madeiraisland.news\/index.php?rest_route=%2Fwp%2Fv2%2Fcategories&post=1208206"},{"taxonomy":"post_tag","embeddable":true,"href":"https:\/\/madeiraisland.news\/index.php?rest_route=%2Fwp%2Fv2%2Ftags&post=1208206"}],"curies":[{"name":"wp","href":"https:\/\/api.w.org\/{rel}","templated":true}]}}