{"id":1208203,"date":"2026-08-31T06:31:52","date_gmt":"2026-08-31T06:31:52","guid":{"rendered":"https:\/\/madeiraisland.news\/?p=1208203"},"modified":"2026-08-31T06:49:34","modified_gmt":"2026-08-31T06:49:34","slug":"carris-apresenta-hoje-solucao-para-futuro-equipamento-na-calcada-da-gloria","status":"publish","type":"post","link":"https:\/\/madeiraisland.news\/?p=1208203","title":{"rendered":"Carris apresenta hoje solu\u00e7\u00e3o para futuro equipamento na Cal\u00e7ada da Gl\u00f3ria"},"content":{"rendered":"<p>A Carris vai apresentar hoje a solu\u00e7\u00e3o para o futuro elevador da Gl\u00f3ria, em Lisboa, a poucos dias de se cumprir um ano do acidente que provocou 16 v\u00edtimas mortais e 24 feridos de v\u00e1rias nacionalidades.<br \/>\n&#8220;A sess\u00e3o dar\u00e1 a conhecer a estrat\u00e9gia que est\u00e1 a ser desenvolvida para este espa\u00e7o emblem\u00e1tico, assente na concilia\u00e7\u00e3o entre seguran\u00e7a, engenharia, espa\u00e7o p\u00fablico, experi\u00eancia de utiliza\u00e7\u00e3o e patrim\u00f3nio, preservando a identidade e a rela\u00e7\u00e3o hist\u00f3rica do ascensor com a Cal\u00e7ada da Gl\u00f3ria e com a ci<\/p>\n","protected":false},"excerpt":{"rendered":"<p>A Carris vai apresentar hoje a solu\u00e7\u00e3o para o futuro elevador da Gl\u00f3ria, em Lisboa, a poucos dias de se cumprir um ano do acidente que provocou 16 v\u00edtimas mortais e 24 feridos de v\u00e1rias<\/p>\n","protected":false},"author":5,"featured_media":0,"comment_status":"open","ping_status":"","sticky":false,"template":"","format":"standard","meta":{"footnotes":""},"categories":[19],"tags":[],"class_list":["post-1208203","post","type-post","status-publish","format-standard","hentry","category-madeira-island-news","infinite-scroll-item","masonry-post","generate-columns","tablet-grid-50","mobile-grid-100","grid-parent","grid-33"],"_links":{"self":[{"href":"https:\/\/madeiraisland.news\/index.php?rest_route=\/wp\/v2\/posts\/1208203","targetHints":{"allow":["GET"]}}],"collection":[{"href":"https:\/\/madeiraisland.news\/index.php?rest_route=\/wp\/v2\/posts"}],"about":[{"href":"https:\/\/madeiraisland.news\/index.php?rest_route=\/wp\/v2\/types\/post"}],"author":[{"embeddable":true,"href":"https:\/\/madeiraisland.news\/index.php?rest_route=\/wp\/v2\/users\/5"}],"replies":[{"embeddable":true,"href":"https:\/\/madeiraisland.news\/index.php?rest_route=%2Fwp%2Fv2%2Fcomments&post=1208203"}],"version-history":[{"count":2,"href":"https:\/\/madeiraisland.news\/index.php?rest_route=\/wp\/v2\/posts\/1208203\/revisions"}],"predecessor-version":[{"id":1208205,"href":"https:\/\/madeiraisland.news\/index.php?rest_route=\/wp\/v2\/posts\/1208203\/revisions\/1208205"}],"wp:attachment":[{"href":"https:\/\/madeiraisland.news\/index.php?rest_route=%2Fwp%2Fv2%2Fmedia&parent=1208203"}],"wp:term":[{"taxonomy":"category","embeddable":true,"href":"https:\/\/madeiraisland.news\/index.php?rest_route=%2Fwp%2Fv2%2Fcategories&post=1208203"},{"taxonomy":"post_tag","embeddable":true,"href":"https:\/\/madeiraisland.news\/index.php?rest_route=%2Fwp%2Fv2%2Ftags&post=1208203"}],"curies":[{"name":"wp","href":"https:\/\/api.w.org\/{rel}","templated":true}]}}