{"id":1208200,"date":"2026-08-31T06:37:28","date_gmt":"2026-08-31T06:37:28","guid":{"rendered":"https:\/\/madeiraisland.news\/?p=1208200"},"modified":"2026-08-31T06:49:34","modified_gmt":"2026-08-31T06:49:34","slug":"contribuintes-tem-ate-hoje-para-pagar-o-irs-de-2025-as-financas","status":"publish","type":"post","link":"https:\/\/madeiraisland.news\/?p=1208200","title":{"rendered":"Contribuintes t\u00eam at\u00e9 hoje para pagar o IRS de 2025 \u00e0s Finan\u00e7as"},"content":{"rendered":"<p>Os contribuintes que t\u00eam de entregar IRS ao Estado para fazer o acerto do imposto relativo aos rendimentos de 2025, declarados este ano, devem restituir o valor \u00e0 administra\u00e7\u00e3o fiscal at\u00e9 hoje, \u00faltimo dia do prazo de pagamento.<br \/>\nA Autoridade Tribut\u00e1ria e Aduaneira (AT) teve at\u00e9 31 de julho para concluir o processo de liquida\u00e7\u00e3o do IRS de 2025, referente aos contribuintes que entregaram a declara\u00e7\u00e3o de rendimentos dentro do prazo legal, entre 01 de abril e 30 de junho.<br \/>\nA fase de pagamento chega ag<\/p>\n","protected":false},"excerpt":{"rendered":"<p>Os contribuintes que t\u00eam de entregar IRS ao Estado para fazer o acerto do imposto relativo aos rendimentos de 2025, declarados este ano, devem restituir o valor \u00e0 administra\u00e7\u00e3o fiscal at\u00e9 hoje, \u00faltimo dia do<\/p>\n","protected":false},"author":5,"featured_media":0,"comment_status":"open","ping_status":"","sticky":false,"template":"","format":"standard","meta":{"footnotes":""},"categories":[19],"tags":[],"class_list":["post-1208200","post","type-post","status-publish","format-standard","hentry","category-madeira-island-news","infinite-scroll-item","masonry-post","generate-columns","tablet-grid-50","mobile-grid-100","grid-parent","grid-33"],"_links":{"self":[{"href":"https:\/\/madeiraisland.news\/index.php?rest_route=\/wp\/v2\/posts\/1208200","targetHints":{"allow":["GET"]}}],"collection":[{"href":"https:\/\/madeiraisland.news\/index.php?rest_route=\/wp\/v2\/posts"}],"about":[{"href":"https:\/\/madeiraisland.news\/index.php?rest_route=\/wp\/v2\/types\/post"}],"author":[{"embeddable":true,"href":"https:\/\/madeiraisland.news\/index.php?rest_route=\/wp\/v2\/users\/5"}],"replies":[{"embeddable":true,"href":"https:\/\/madeiraisland.news\/index.php?rest_route=%2Fwp%2Fv2%2Fcomments&post=1208200"}],"version-history":[{"count":2,"href":"https:\/\/madeiraisland.news\/index.php?rest_route=\/wp\/v2\/posts\/1208200\/revisions"}],"predecessor-version":[{"id":1208202,"href":"https:\/\/madeiraisland.news\/index.php?rest_route=\/wp\/v2\/posts\/1208200\/revisions\/1208202"}],"wp:attachment":[{"href":"https:\/\/madeiraisland.news\/index.php?rest_route=%2Fwp%2Fv2%2Fmedia&parent=1208200"}],"wp:term":[{"taxonomy":"category","embeddable":true,"href":"https:\/\/madeiraisland.news\/index.php?rest_route=%2Fwp%2Fv2%2Fcategories&post=1208200"},{"taxonomy":"post_tag","embeddable":true,"href":"https:\/\/madeiraisland.news\/index.php?rest_route=%2Fwp%2Fv2%2Ftags&post=1208200"}],"curies":[{"name":"wp","href":"https:\/\/api.w.org\/{rel}","templated":true}]}}