{"id":1208193,"date":"2026-08-31T04:43:14","date_gmt":"2026-08-31T04:43:14","guid":{"rendered":"https:\/\/madeiraisland.news\/?p=1208193"},"modified":"2026-08-31T04:50:30","modified_gmt":"2026-08-31T04:50:30","slug":"ufrj-cassa-titulo-honoris-causa-de-salazar-85-anos-apos-homenagem","status":"publish","type":"post","link":"https:\/\/madeiraisland.news\/?p=1208193","title":{"rendered":"UFRJ cassa t\u00edtulo Honoris Causa de Salazar, 85 anos ap\u00f3s homenagem"},"content":{"rendered":"<p>AF! A Universidade Federal do Rio de Janeiro (UFRJ) retirou, na quinta-feira, 27 de agosto de 2026, o t\u00edtulo de Doutor Honoris Causa concedido a Ant\u00f3nio de Oliveira Salazar em 1941, considerando a honraria incompat\u00edvel com os valores democr\u00e1ticos e constitucionais que hoje orientam a institui\u00e7\u00e3o. A decis\u00e3o foi aprovada por \u201clarga maioria\u201d do Conselho [\u2026]<\/p>\n","protected":false},"excerpt":{"rendered":"<p>AF! A Universidade Federal do Rio de Janeiro (UFRJ) retirou, na quinta-feira, 27 de agosto de 2026, o t\u00edtulo de &#8230; <\/p>\n<p class=\"read-more-container\"><a title=\"UFRJ cassa t\u00edtulo Honoris Causa de Salazar, 85 anos ap\u00f3s homenagem\" class=\"read-more button\" href=\"https:\/\/madeiraisland.news\/?p=1208193#more-1208193\" aria-label=\"Read more about UFRJ cassa t\u00edtulo Honoris Causa de Salazar, 85 anos ap\u00f3s homenagem\">Read more<\/a><\/p>\n","protected":false},"author":260,"featured_media":0,"comment_status":"open","ping_status":"","sticky":false,"template":"","format":"standard","meta":{"footnotes":""},"categories":[19],"tags":[],"class_list":["post-1208193","post","type-post","status-publish","format-standard","hentry","category-madeira-island-news","infinite-scroll-item","masonry-post","generate-columns","tablet-grid-50","mobile-grid-100","grid-parent","grid-33"],"_links":{"self":[{"href":"https:\/\/madeiraisland.news\/index.php?rest_route=\/wp\/v2\/posts\/1208193","targetHints":{"allow":["GET"]}}],"collection":[{"href":"https:\/\/madeiraisland.news\/index.php?rest_route=\/wp\/v2\/posts"}],"about":[{"href":"https:\/\/madeiraisland.news\/index.php?rest_route=\/wp\/v2\/types\/post"}],"author":[{"embeddable":true,"href":"https:\/\/madeiraisland.news\/index.php?rest_route=\/wp\/v2\/users\/260"}],"replies":[{"embeddable":true,"href":"https:\/\/madeiraisland.news\/index.php?rest_route=%2Fwp%2Fv2%2Fcomments&post=1208193"}],"version-history":[{"count":1,"href":"https:\/\/madeiraisland.news\/index.php?rest_route=\/wp\/v2\/posts\/1208193\/revisions"}],"predecessor-version":[{"id":1208194,"href":"https:\/\/madeiraisland.news\/index.php?rest_route=\/wp\/v2\/posts\/1208193\/revisions\/1208194"}],"wp:attachment":[{"href":"https:\/\/madeiraisland.news\/index.php?rest_route=%2Fwp%2Fv2%2Fmedia&parent=1208193"}],"wp:term":[{"taxonomy":"category","embeddable":true,"href":"https:\/\/madeiraisland.news\/index.php?rest_route=%2Fwp%2Fv2%2Fcategories&post=1208193"},{"taxonomy":"post_tag","embeddable":true,"href":"https:\/\/madeiraisland.news\/index.php?rest_route=%2Fwp%2Fv2%2Ftags&post=1208193"}],"curies":[{"name":"wp","href":"https:\/\/api.w.org\/{rel}","templated":true}]}}