{"id":1208187,"date":"2026-08-30T23:10:53","date_gmt":"2026-08-30T23:10:53","guid":{"rendered":"https:\/\/madeiraisland.news\/?p=1208187"},"modified":"2026-08-30T23:15:52","modified_gmt":"2026-08-30T23:15:52","slug":"madeirense-ivone-silva-e-campea-do-mundo-junior-de-parapente","status":"publish","type":"post","link":"https:\/\/madeiraisland.news\/?p=1208187","title":{"rendered":"Madeirense Ivone Silva \u00e9 campe\u00e3 do mundo J\u00fanior de parapente"},"content":{"rendered":"<p>A Federa\u00e7\u00e3o Portuguesa de Voo Livre felicitou a atleta madeirense Ivone Silva pela conquista do t\u00edtulo de Campe\u00e3 do Mundo J\u00fanior de Parapente. O t\u00edtulo foi alcan\u00e7ado no 2.\u00ba FAI Junior World Paragliding Championships (Campeonato do Mundo de Parapente) que se disputou em Kru\u0161evo, na Maced\u00f3nia do Norte. \u201cEsta distin\u00e7\u00e3o constitui um marco de particular [\u2026]<\/p>\n","protected":false},"excerpt":{"rendered":"<p>A Federa\u00e7\u00e3o Portuguesa de Voo Livre felicitou a atleta madeirense Ivone Silva pela conquista do t\u00edtulo de Campe\u00e3 do Mundo &#8230; <\/p>\n<p class=\"read-more-container\"><a title=\"Madeirense Ivone Silva \u00e9 campe\u00e3 do mundo J\u00fanior de parapente\" class=\"read-more button\" href=\"https:\/\/madeiraisland.news\/?p=1208187#more-1208187\" aria-label=\"Read more about Madeirense Ivone Silva \u00e9 campe\u00e3 do mundo J\u00fanior de parapente\">Read more<\/a><\/p>\n","protected":false},"author":259,"featured_media":0,"comment_status":"open","ping_status":"","sticky":false,"template":"","format":"standard","meta":{"footnotes":""},"categories":[19],"tags":[],"class_list":["post-1208187","post","type-post","status-publish","format-standard","hentry","category-madeira-island-news","infinite-scroll-item","masonry-post","generate-columns","tablet-grid-50","mobile-grid-100","grid-parent","grid-33"],"_links":{"self":[{"href":"https:\/\/madeiraisland.news\/index.php?rest_route=\/wp\/v2\/posts\/1208187","targetHints":{"allow":["GET"]}}],"collection":[{"href":"https:\/\/madeiraisland.news\/index.php?rest_route=\/wp\/v2\/posts"}],"about":[{"href":"https:\/\/madeiraisland.news\/index.php?rest_route=\/wp\/v2\/types\/post"}],"author":[{"embeddable":true,"href":"https:\/\/madeiraisland.news\/index.php?rest_route=\/wp\/v2\/users\/259"}],"replies":[{"embeddable":true,"href":"https:\/\/madeiraisland.news\/index.php?rest_route=%2Fwp%2Fv2%2Fcomments&post=1208187"}],"version-history":[{"count":1,"href":"https:\/\/madeiraisland.news\/index.php?rest_route=\/wp\/v2\/posts\/1208187\/revisions"}],"predecessor-version":[{"id":1208188,"href":"https:\/\/madeiraisland.news\/index.php?rest_route=\/wp\/v2\/posts\/1208187\/revisions\/1208188"}],"wp:attachment":[{"href":"https:\/\/madeiraisland.news\/index.php?rest_route=%2Fwp%2Fv2%2Fmedia&parent=1208187"}],"wp:term":[{"taxonomy":"category","embeddable":true,"href":"https:\/\/madeiraisland.news\/index.php?rest_route=%2Fwp%2Fv2%2Fcategories&post=1208187"},{"taxonomy":"post_tag","embeddable":true,"href":"https:\/\/madeiraisland.news\/index.php?rest_route=%2Fwp%2Fv2%2Ftags&post=1208187"}],"curies":[{"name":"wp","href":"https:\/\/api.w.org\/{rel}","templated":true}]}}