{"id":1208183,"date":"2026-08-30T22:44:26","date_gmt":"2026-08-30T22:44:26","guid":{"rendered":"https:\/\/madeiraisland.news\/?p=1208183"},"modified":"2026-08-30T22:45:46","modified_gmt":"2026-08-30T22:45:46","slug":"projeto-vibes4unodrugs-presente-no-summer-festem-santa-catarina","status":"publish","type":"post","link":"https:\/\/madeiraisland.news\/?p=1208183","title":{"rendered":"Projeto #Vibes4UNoDrugs presente no Summer Festem Santa Catarina"},"content":{"rendered":"<p>Neste passado s\u00e1bado, o projeto #Vibes4UNoDrugs, esteve no Summer Fest, uma organiza\u00e7\u00e3o da C\u00e2mara Municipal do Funchal, no parque de Santa Catarina. Trata-se de um programa da Dire\u00e7\u00e3o Regional da Sa\u00fade, atrav\u00e9s da Unidade Operacional de Interven\u00e7\u00e3o em Comportamentos Aditivos e Depend\u00eancias (UCAD), desenvolve interven\u00e7\u00f5es preventivas durante eventos noturnos recreativos, como festas, arraiais e festivais. [\u2026]<\/p>\n","protected":false},"excerpt":{"rendered":"<p>Neste passado s\u00e1bado, o projeto #Vibes4UNoDrugs, esteve no Summer Fest, uma organiza\u00e7\u00e3o da C\u00e2mara Municipal do Funchal, no parque de &#8230; <\/p>\n<p class=\"read-more-container\"><a title=\"Projeto #Vibes4UNoDrugs presente no Summer Festem Santa Catarina\" class=\"read-more button\" href=\"https:\/\/madeiraisland.news\/?p=1208183#more-1208183\" aria-label=\"Read more about Projeto #Vibes4UNoDrugs presente no Summer Festem Santa Catarina\">Read more<\/a><\/p>\n","protected":false},"author":282,"featured_media":0,"comment_status":"open","ping_status":"","sticky":false,"template":"","format":"standard","meta":{"footnotes":""},"categories":[19],"tags":[],"class_list":["post-1208183","post","type-post","status-publish","format-standard","hentry","category-madeira-island-news","infinite-scroll-item","masonry-post","generate-columns","tablet-grid-50","mobile-grid-100","grid-parent","grid-33"],"_links":{"self":[{"href":"https:\/\/madeiraisland.news\/index.php?rest_route=\/wp\/v2\/posts\/1208183","targetHints":{"allow":["GET"]}}],"collection":[{"href":"https:\/\/madeiraisland.news\/index.php?rest_route=\/wp\/v2\/posts"}],"about":[{"href":"https:\/\/madeiraisland.news\/index.php?rest_route=\/wp\/v2\/types\/post"}],"author":[{"embeddable":true,"href":"https:\/\/madeiraisland.news\/index.php?rest_route=\/wp\/v2\/users\/282"}],"replies":[{"embeddable":true,"href":"https:\/\/madeiraisland.news\/index.php?rest_route=%2Fwp%2Fv2%2Fcomments&post=1208183"}],"version-history":[{"count":1,"href":"https:\/\/madeiraisland.news\/index.php?rest_route=\/wp\/v2\/posts\/1208183\/revisions"}],"predecessor-version":[{"id":1208184,"href":"https:\/\/madeiraisland.news\/index.php?rest_route=\/wp\/v2\/posts\/1208183\/revisions\/1208184"}],"wp:attachment":[{"href":"https:\/\/madeiraisland.news\/index.php?rest_route=%2Fwp%2Fv2%2Fmedia&parent=1208183"}],"wp:term":[{"taxonomy":"category","embeddable":true,"href":"https:\/\/madeiraisland.news\/index.php?rest_route=%2Fwp%2Fv2%2Fcategories&post=1208183"},{"taxonomy":"post_tag","embeddable":true,"href":"https:\/\/madeiraisland.news\/index.php?rest_route=%2Fwp%2Fv2%2Ftags&post=1208183"}],"curies":[{"name":"wp","href":"https:\/\/api.w.org\/{rel}","templated":true}]}}