{"id":1208177,"date":"2026-08-30T16:28:55","date_gmt":"2026-08-30T16:28:55","guid":{"rendered":"https:\/\/madeiraisland.news\/?p=1208177"},"modified":"2026-08-30T16:45:50","modified_gmt":"2026-08-30T16:45:50","slug":"montenegro-lamenta-perturbacoes-nos-exames-mas-insiste-que-foi-caminho-correcto","status":"publish","type":"post","link":"https:\/\/madeiraisland.news\/?p=1208177","title":{"rendered":"Montenegro lamenta perturba\u00e7\u00f5es nos exames mas insiste que foi &#8220;caminho correcto&#8221;"},"content":{"rendered":"<p>O presidente do PSD e primeiro-ministro lamentou hoje as perturba\u00e7\u00f5es que a corre\u00e7\u00e3o digital introduziu no processo dos exames nacionais, mas defendeu que &#8220;foi o caminho correto&#8221;, agradecendo o empenho de toda a comunidade escolar.<br \/>\nLu\u00eds Montenegro encerrou hoje a 22.\u00aa edi\u00e7\u00e3o da Universidade de Ver\u00e3o do PSD, iniciativa de forma\u00e7\u00e3o de jovens quadros, que decorre desde segunda-feira em Castelo de Vide (distrito de Portalegre), numa interven\u00e7\u00e3o a que assistiu o secret\u00e1rio-geral e l\u00edder parlamentar d<\/p>\n","protected":false},"excerpt":{"rendered":"<p>O presidente do PSD e primeiro-ministro lamentou hoje as perturba\u00e7\u00f5es que a corre\u00e7\u00e3o digital introduziu no processo dos exames nacionais, mas defendeu que &#8220;foi o caminho correto&#8221;, agradecendo o empenho de toda a comunidade escolar.<\/p>\n","protected":false},"author":5,"featured_media":0,"comment_status":"open","ping_status":"","sticky":false,"template":"","format":"standard","meta":{"footnotes":""},"categories":[19],"tags":[],"class_list":["post-1208177","post","type-post","status-publish","format-standard","hentry","category-madeira-island-news","infinite-scroll-item","masonry-post","generate-columns","tablet-grid-50","mobile-grid-100","grid-parent","grid-33"],"_links":{"self":[{"href":"https:\/\/madeiraisland.news\/index.php?rest_route=\/wp\/v2\/posts\/1208177","targetHints":{"allow":["GET"]}}],"collection":[{"href":"https:\/\/madeiraisland.news\/index.php?rest_route=\/wp\/v2\/posts"}],"about":[{"href":"https:\/\/madeiraisland.news\/index.php?rest_route=\/wp\/v2\/types\/post"}],"author":[{"embeddable":true,"href":"https:\/\/madeiraisland.news\/index.php?rest_route=\/wp\/v2\/users\/5"}],"replies":[{"embeddable":true,"href":"https:\/\/madeiraisland.news\/index.php?rest_route=%2Fwp%2Fv2%2Fcomments&post=1208177"}],"version-history":[{"count":2,"href":"https:\/\/madeiraisland.news\/index.php?rest_route=\/wp\/v2\/posts\/1208177\/revisions"}],"predecessor-version":[{"id":1208179,"href":"https:\/\/madeiraisland.news\/index.php?rest_route=\/wp\/v2\/posts\/1208177\/revisions\/1208179"}],"wp:attachment":[{"href":"https:\/\/madeiraisland.news\/index.php?rest_route=%2Fwp%2Fv2%2Fmedia&parent=1208177"}],"wp:term":[{"taxonomy":"category","embeddable":true,"href":"https:\/\/madeiraisland.news\/index.php?rest_route=%2Fwp%2Fv2%2Fcategories&post=1208177"},{"taxonomy":"post_tag","embeddable":true,"href":"https:\/\/madeiraisland.news\/index.php?rest_route=%2Fwp%2Fv2%2Ftags&post=1208177"}],"curies":[{"name":"wp","href":"https:\/\/api.w.org\/{rel}","templated":true}]}}