{"id":1208170,"date":"2026-08-30T16:14:00","date_gmt":"2026-08-30T16:14:00","guid":{"rendered":"https:\/\/madeiraisland.news\/?p=1208170"},"modified":"2026-08-30T16:15:26","modified_gmt":"2026-08-30T16:15:26","slug":"jpp-prossegue-visita-a-jersey-e-elogia-pluralismo-democratico-e-colaborativo-que-deve-servir-de-exemplo","status":"publish","type":"post","link":"https:\/\/madeiraisland.news\/?p=1208170","title":{"rendered":"JPP prossegue visita a Jersey e elogia \u201cpluralismo democr\u00e1tico e colaborativo\u201d que deve servir de exemplo"},"content":{"rendered":"<p>\u201cUm madeirense \u00e9 sempre madeirense, esteja onde estiver.\u201d A afirma\u00e7\u00e3o \u00e9 de \u00c9lvio Sousa, secret\u00e1rio-geral do JPP, no \u00e2mbito da visita de trabalho que o partido est\u00e1 a realizar em Jersey, onde tem mantido contactos com a comunidade madeirense e com as institui\u00e7\u00f5es locais. \u201cTemos cerca de 12 mil madeirenses em Jersey. Queremos conhecer os [\u2026]<\/p>\n","protected":false},"excerpt":{"rendered":"<p>\u201cUm madeirense \u00e9 sempre madeirense, esteja onde estiver.\u201d A afirma\u00e7\u00e3o \u00e9 de \u00c9lvio Sousa, secret\u00e1rio-geral do JPP, no \u00e2mbito da &#8230; <\/p>\n<p class=\"read-more-container\"><a title=\"JPP prossegue visita a Jersey e elogia \u201cpluralismo democr\u00e1tico e colaborativo\u201d que deve servir de exemplo\" class=\"read-more button\" href=\"https:\/\/madeiraisland.news\/?p=1208170#more-1208170\" aria-label=\"Read more about JPP prossegue visita a Jersey e elogia \u201cpluralismo democr\u00e1tico e colaborativo\u201d que deve servir de exemplo\">Read more<\/a><\/p>\n","protected":false},"author":258,"featured_media":0,"comment_status":"open","ping_status":"","sticky":false,"template":"","format":"standard","meta":{"footnotes":""},"categories":[19],"tags":[],"class_list":["post-1208170","post","type-post","status-publish","format-standard","hentry","category-madeira-island-news","infinite-scroll-item","masonry-post","generate-columns","tablet-grid-50","mobile-grid-100","grid-parent","grid-33"],"_links":{"self":[{"href":"https:\/\/madeiraisland.news\/index.php?rest_route=\/wp\/v2\/posts\/1208170","targetHints":{"allow":["GET"]}}],"collection":[{"href":"https:\/\/madeiraisland.news\/index.php?rest_route=\/wp\/v2\/posts"}],"about":[{"href":"https:\/\/madeiraisland.news\/index.php?rest_route=\/wp\/v2\/types\/post"}],"author":[{"embeddable":true,"href":"https:\/\/madeiraisland.news\/index.php?rest_route=\/wp\/v2\/users\/258"}],"replies":[{"embeddable":true,"href":"https:\/\/madeiraisland.news\/index.php?rest_route=%2Fwp%2Fv2%2Fcomments&post=1208170"}],"version-history":[{"count":1,"href":"https:\/\/madeiraisland.news\/index.php?rest_route=\/wp\/v2\/posts\/1208170\/revisions"}],"predecessor-version":[{"id":1208171,"href":"https:\/\/madeiraisland.news\/index.php?rest_route=\/wp\/v2\/posts\/1208170\/revisions\/1208171"}],"wp:attachment":[{"href":"https:\/\/madeiraisland.news\/index.php?rest_route=%2Fwp%2Fv2%2Fmedia&parent=1208170"}],"wp:term":[{"taxonomy":"category","embeddable":true,"href":"https:\/\/madeiraisland.news\/index.php?rest_route=%2Fwp%2Fv2%2Fcategories&post=1208170"},{"taxonomy":"post_tag","embeddable":true,"href":"https:\/\/madeiraisland.news\/index.php?rest_route=%2Fwp%2Fv2%2Ftags&post=1208170"}],"curies":[{"name":"wp","href":"https:\/\/api.w.org\/{rel}","templated":true}]}}