{"id":1208166,"date":"2026-08-30T13:09:11","date_gmt":"2026-08-30T13:09:11","guid":{"rendered":"https:\/\/madeiraisland.news\/?p=1208166"},"modified":"2026-08-30T13:15:56","modified_gmt":"2026-08-30T13:15:56","slug":"fogo-suspeito-consumiu-11-hectares","status":"publish","type":"post","link":"https:\/\/madeiraisland.news\/?p=1208166","title":{"rendered":"Fogo suspeito consumiu 11 hectares"},"content":{"rendered":"<p>Cerca de 11 hectares de eucaliptal e mato foram consumidos pelo inc\u00eandio florestal que deflagrou, na noite de s\u00e1bado, no s\u00edtio da Furneira, no Estreito de C\u00e2mara de Lobos, e que chegou a amea\u00e7ar v\u00e1rias habita\u00e7\u00f5es, \u00e9 quanto o servi\u00e7o de protec\u00e7\u00e3o municipal estima ter sido consumido pelas chamas. A Pol\u00edcia Judici\u00e1ria est\u00e1 a investigar as causas da ocorr\u00eancia, numa altura em que se levantam suspeitas de fogo posto.<br \/>\nA presen\u00e7a dos inspectores no teatro de opera\u00e7\u00f5es foi confirmada pelo Servi\u00e7o Region<\/p>\n","protected":false},"excerpt":{"rendered":"<p>Cerca de 11 hectares de eucaliptal e mato foram consumidos pelo inc\u00eandio florestal que deflagrou, na noite de s\u00e1bado, no &#8230; <\/p>\n<p class=\"read-more-container\"><a title=\"Fogo suspeito consumiu 11 hectares\" class=\"read-more button\" href=\"https:\/\/madeiraisland.news\/?p=1208166#more-1208166\" aria-label=\"Read more about Fogo suspeito consumiu 11 hectares\">Read more<\/a><\/p>\n","protected":false},"author":284,"featured_media":0,"comment_status":"open","ping_status":"","sticky":false,"template":"","format":"standard","meta":{"footnotes":""},"categories":[19],"tags":[],"class_list":["post-1208166","post","type-post","status-publish","format-standard","hentry","category-madeira-island-news","infinite-scroll-item","masonry-post","generate-columns","tablet-grid-50","mobile-grid-100","grid-parent","grid-33"],"_links":{"self":[{"href":"https:\/\/madeiraisland.news\/index.php?rest_route=\/wp\/v2\/posts\/1208166","targetHints":{"allow":["GET"]}}],"collection":[{"href":"https:\/\/madeiraisland.news\/index.php?rest_route=\/wp\/v2\/posts"}],"about":[{"href":"https:\/\/madeiraisland.news\/index.php?rest_route=\/wp\/v2\/types\/post"}],"author":[{"embeddable":true,"href":"https:\/\/madeiraisland.news\/index.php?rest_route=\/wp\/v2\/users\/284"}],"replies":[{"embeddable":true,"href":"https:\/\/madeiraisland.news\/index.php?rest_route=%2Fwp%2Fv2%2Fcomments&post=1208166"}],"version-history":[{"count":1,"href":"https:\/\/madeiraisland.news\/index.php?rest_route=\/wp\/v2\/posts\/1208166\/revisions"}],"predecessor-version":[{"id":1208167,"href":"https:\/\/madeiraisland.news\/index.php?rest_route=\/wp\/v2\/posts\/1208166\/revisions\/1208167"}],"wp:attachment":[{"href":"https:\/\/madeiraisland.news\/index.php?rest_route=%2Fwp%2Fv2%2Fmedia&parent=1208166"}],"wp:term":[{"taxonomy":"category","embeddable":true,"href":"https:\/\/madeiraisland.news\/index.php?rest_route=%2Fwp%2Fv2%2Fcategories&post=1208166"},{"taxonomy":"post_tag","embeddable":true,"href":"https:\/\/madeiraisland.news\/index.php?rest_route=%2Fwp%2Fv2%2Ftags&post=1208166"}],"curies":[{"name":"wp","href":"https:\/\/api.w.org\/{rel}","templated":true}]}}