{"id":1208164,"date":"2026-08-30T12:50:41","date_gmt":"2026-08-30T12:50:41","guid":{"rendered":"https:\/\/madeiraisland.news\/?p=1208164"},"modified":"2026-08-30T13:02:10","modified_gmt":"2026-08-30T13:02:10","slug":"motociclista-sofre-fractura-exposta-em-colisao-nos-viveiros","status":"publish","type":"post","link":"https:\/\/madeiraisland.news\/?p=1208164","title":{"rendered":"Motociclista sofre fractura exposta em colis\u00e3o nos Viveiros"},"content":{"rendered":"<p>Um motociclista ficou gravemente ferido, este domingo, na sequ\u00eancia de uma colis\u00e3o que envolveu uma viatura ligeira e dois motociclos, na zona da descida para os Viveiros, no Funchal.<br \/>\nO alerta foi dado por volta das 12 horas. Na sequ\u00eancia do embate, um dos motociclos ter\u00e1 sido projectado, ficando imobilizado junto \u00e0 faixa de rodagem. O respectivo condutor sofreu uma fractura exposta, les\u00e3o que motivou a mobiliza\u00e7\u00e3o da Equipa M\u00e9dica de Interven\u00e7\u00e3o R\u00e1pida (EMIR).<br \/>\nA v\u00edtima foi assistida no local pe<\/p>\n","protected":false},"excerpt":{"rendered":"<p>Um motociclista ficou gravemente ferido, este domingo, na sequ\u00eancia de uma colis\u00e3o que envolveu uma viatura ligeira e dois motociclos, &#8230; <\/p>\n<p class=\"read-more-container\"><a title=\"Motociclista sofre fractura exposta em colis\u00e3o nos Viveiros\" class=\"read-more button\" href=\"https:\/\/madeiraisland.news\/?p=1208164#more-1208164\" aria-label=\"Read more about Motociclista sofre fractura exposta em colis\u00e3o nos Viveiros\">Read more<\/a><\/p>\n","protected":false},"author":284,"featured_media":0,"comment_status":"open","ping_status":"","sticky":false,"template":"","format":"standard","meta":{"footnotes":""},"categories":[19],"tags":[],"class_list":["post-1208164","post","type-post","status-publish","format-standard","hentry","category-madeira-island-news","infinite-scroll-item","masonry-post","generate-columns","tablet-grid-50","mobile-grid-100","grid-parent","grid-33"],"_links":{"self":[{"href":"https:\/\/madeiraisland.news\/index.php?rest_route=\/wp\/v2\/posts\/1208164","targetHints":{"allow":["GET"]}}],"collection":[{"href":"https:\/\/madeiraisland.news\/index.php?rest_route=\/wp\/v2\/posts"}],"about":[{"href":"https:\/\/madeiraisland.news\/index.php?rest_route=\/wp\/v2\/types\/post"}],"author":[{"embeddable":true,"href":"https:\/\/madeiraisland.news\/index.php?rest_route=\/wp\/v2\/users\/284"}],"replies":[{"embeddable":true,"href":"https:\/\/madeiraisland.news\/index.php?rest_route=%2Fwp%2Fv2%2Fcomments&post=1208164"}],"version-history":[{"count":1,"href":"https:\/\/madeiraisland.news\/index.php?rest_route=\/wp\/v2\/posts\/1208164\/revisions"}],"predecessor-version":[{"id":1208165,"href":"https:\/\/madeiraisland.news\/index.php?rest_route=\/wp\/v2\/posts\/1208164\/revisions\/1208165"}],"wp:attachment":[{"href":"https:\/\/madeiraisland.news\/index.php?rest_route=%2Fwp%2Fv2%2Fmedia&parent=1208164"}],"wp:term":[{"taxonomy":"category","embeddable":true,"href":"https:\/\/madeiraisland.news\/index.php?rest_route=%2Fwp%2Fv2%2Fcategories&post=1208164"},{"taxonomy":"post_tag","embeddable":true,"href":"https:\/\/madeiraisland.news\/index.php?rest_route=%2Fwp%2Fv2%2Ftags&post=1208164"}],"curies":[{"name":"wp","href":"https:\/\/api.w.org\/{rel}","templated":true}]}}