{"id":1208161,"date":"2026-08-30T12:03:58","date_gmt":"2026-08-30T12:03:58","guid":{"rendered":"https:\/\/madeiraisland.news\/?p=1208161"},"modified":"2026-08-30T12:16:53","modified_gmt":"2026-08-30T12:16:53","slug":"detido-por-homicidio-do-padrasto-na-maia","status":"publish","type":"post","link":"https:\/\/madeiraisland.news\/?p=1208161","title":{"rendered":"Detido por homic\u00eddio do padrasto na Maia"},"content":{"rendered":"<p>A Pol\u00edcia<br \/>\nJudici\u00e1ria, atrav\u00e9s da Directoria do Norte, deteve um jovem de 20 anos pela<br \/>\npresum\u00edvel autoria de um crime de homic\u00eddio ocorrido durante a madrugada de<br \/>\nhoje, na freguesia de Vermoim, Maia.<br \/>\nA v\u00edtima, de 50<br \/>\nanos, era o padrasto do suspeito, tendo os factos ocorrido no interior da<br \/>\nhabita\u00e7\u00e3o onde viviam.<br \/>\nDos elementos<br \/>\nindici\u00e1rios recolhidos apurou-se que o suspeito e a v\u00edtima ter-se-\u00e3o<br \/>\ndesentendido, acabando aquele por se munir de uma arma branca e desferir-lhe<br \/>\ngolpes no t\u00f3rax e regi\u00e3o abd<\/p>\n","protected":false},"excerpt":{"rendered":"<p>A Pol\u00edcia Judici\u00e1ria, atrav\u00e9s da Directoria do Norte, deteve um jovem de 20 anos pela presum\u00edvel autoria de um crime de homic\u00eddio ocorrido durante a madrugada de hoje, na freguesia de Vermoim, Maia. A v\u00edtima,<\/p>\n","protected":false},"author":4,"featured_media":0,"comment_status":"open","ping_status":"","sticky":false,"template":"","format":"standard","meta":{"footnotes":""},"categories":[19],"tags":[],"class_list":["post-1208161","post","type-post","status-publish","format-standard","hentry","category-madeira-island-news","infinite-scroll-item","masonry-post","generate-columns","tablet-grid-50","mobile-grid-100","grid-parent","grid-33"],"_links":{"self":[{"href":"https:\/\/madeiraisland.news\/index.php?rest_route=\/wp\/v2\/posts\/1208161","targetHints":{"allow":["GET"]}}],"collection":[{"href":"https:\/\/madeiraisland.news\/index.php?rest_route=\/wp\/v2\/posts"}],"about":[{"href":"https:\/\/madeiraisland.news\/index.php?rest_route=\/wp\/v2\/types\/post"}],"author":[{"embeddable":true,"href":"https:\/\/madeiraisland.news\/index.php?rest_route=\/wp\/v2\/users\/4"}],"replies":[{"embeddable":true,"href":"https:\/\/madeiraisland.news\/index.php?rest_route=%2Fwp%2Fv2%2Fcomments&post=1208161"}],"version-history":[{"count":2,"href":"https:\/\/madeiraisland.news\/index.php?rest_route=\/wp\/v2\/posts\/1208161\/revisions"}],"predecessor-version":[{"id":1208163,"href":"https:\/\/madeiraisland.news\/index.php?rest_route=\/wp\/v2\/posts\/1208161\/revisions\/1208163"}],"wp:attachment":[{"href":"https:\/\/madeiraisland.news\/index.php?rest_route=%2Fwp%2Fv2%2Fmedia&parent=1208161"}],"wp:term":[{"taxonomy":"category","embeddable":true,"href":"https:\/\/madeiraisland.news\/index.php?rest_route=%2Fwp%2Fv2%2Fcategories&post=1208161"},{"taxonomy":"post_tag","embeddable":true,"href":"https:\/\/madeiraisland.news\/index.php?rest_route=%2Fwp%2Fv2%2Ftags&post=1208161"}],"curies":[{"name":"wp","href":"https:\/\/api.w.org\/{rel}","templated":true}]}}