{"id":1208159,"date":"2026-08-30T11:25:17","date_gmt":"2026-08-30T11:25:17","guid":{"rendered":"https:\/\/madeiraisland.news\/?p=1208159"},"modified":"2026-08-30T11:30:42","modified_gmt":"2026-08-30T11:30:42","slug":"celso-agradece-resposta-e-espera-esclarecimento-sobre-fogo-suspeito","status":"publish","type":"post","link":"https:\/\/madeiraisland.news\/?p=1208159","title":{"rendered":"Celso agradece resposta e espera esclarecimento sobre fogo \u201csuspeito\u201d"},"content":{"rendered":"<p>O presidente da C\u00e2mara Municipal de C\u00e2mara de Lobos agradeceu o empenho de todos os operacionais e entidades envolvidos no combate ao inc\u00eandio que deflagrou ontem \u00e0 noite na Furneira, no Jardim da Serra, destacando a resposta dos bombeiros e o trabalho desenvolvido pelo Servi\u00e7o Regional de Protec\u00e7\u00e3o Civil e pela Protec\u00e7\u00e3o Civil Municipal.<br \/>\n\u201cQuero deixar um agradecimento muito especial a todos os bombeiros e operacionais que estiveram no terreno, \u00e0s v\u00e1rias corpora\u00e7\u00f5es mobilizadas e a todas as for\u00e7<\/p>\n","protected":false},"excerpt":{"rendered":"<p>O presidente da C\u00e2mara Municipal de C\u00e2mara de Lobos agradeceu o empenho de todos os operacionais e entidades envolvidos no &#8230; <\/p>\n<p class=\"read-more-container\"><a title=\"Celso agradece resposta e espera esclarecimento sobre fogo \u201csuspeito\u201d\" class=\"read-more button\" href=\"https:\/\/madeiraisland.news\/?p=1208159#more-1208159\" aria-label=\"Read more about Celso agradece resposta e espera esclarecimento sobre fogo \u201csuspeito\u201d\">Read more<\/a><\/p>\n","protected":false},"author":284,"featured_media":0,"comment_status":"open","ping_status":"","sticky":false,"template":"","format":"standard","meta":{"footnotes":""},"categories":[19],"tags":[],"class_list":["post-1208159","post","type-post","status-publish","format-standard","hentry","category-madeira-island-news","infinite-scroll-item","masonry-post","generate-columns","tablet-grid-50","mobile-grid-100","grid-parent","grid-33"],"_links":{"self":[{"href":"https:\/\/madeiraisland.news\/index.php?rest_route=\/wp\/v2\/posts\/1208159","targetHints":{"allow":["GET"]}}],"collection":[{"href":"https:\/\/madeiraisland.news\/index.php?rest_route=\/wp\/v2\/posts"}],"about":[{"href":"https:\/\/madeiraisland.news\/index.php?rest_route=\/wp\/v2\/types\/post"}],"author":[{"embeddable":true,"href":"https:\/\/madeiraisland.news\/index.php?rest_route=\/wp\/v2\/users\/284"}],"replies":[{"embeddable":true,"href":"https:\/\/madeiraisland.news\/index.php?rest_route=%2Fwp%2Fv2%2Fcomments&post=1208159"}],"version-history":[{"count":1,"href":"https:\/\/madeiraisland.news\/index.php?rest_route=\/wp\/v2\/posts\/1208159\/revisions"}],"predecessor-version":[{"id":1208160,"href":"https:\/\/madeiraisland.news\/index.php?rest_route=\/wp\/v2\/posts\/1208159\/revisions\/1208160"}],"wp:attachment":[{"href":"https:\/\/madeiraisland.news\/index.php?rest_route=%2Fwp%2Fv2%2Fmedia&parent=1208159"}],"wp:term":[{"taxonomy":"category","embeddable":true,"href":"https:\/\/madeiraisland.news\/index.php?rest_route=%2Fwp%2Fv2%2Fcategories&post=1208159"},{"taxonomy":"post_tag","embeddable":true,"href":"https:\/\/madeiraisland.news\/index.php?rest_route=%2Fwp%2Fv2%2Ftags&post=1208159"}],"curies":[{"name":"wp","href":"https:\/\/api.w.org\/{rel}","templated":true}]}}