{"id":1208156,"date":"2026-08-30T10:57:54","date_gmt":"2026-08-30T10:57:54","guid":{"rendered":"https:\/\/madeiraisland.news\/?p=1208156"},"modified":"2026-08-30T11:05:03","modified_gmt":"2026-08-30T11:05:03","slug":"regresso-da-justica-marcado-pelo-inicio-do-julgamento-dos-policias-acusados-de-tortura","status":"publish","type":"post","link":"https:\/\/madeiraisland.news\/?p=1208156","title":{"rendered":"Regresso da Justi\u00e7a marcado pelo in\u00edcio do julgamento dos pol\u00edcias acusados de tortura"},"content":{"rendered":"<p>Os tribunais regressam em pleno esta ter\u00e7a-feira, depois de um m\u00eas e meio de f\u00e9rias judiciais, com o recome\u00e7o de processos medi\u00e1ticos como o BES e com o in\u00edcio de julgamento dos agentes da PSP acusados de tortura.<br \/>\nO m\u00eas de setembro tem j\u00e1 a agenda muito preenchida e vai ficar marcado pelo in\u00edcio do julgamento de dois agentes da PSP da esquadra do Rato, em Lisboa, que est\u00e3o acusados de crimes de abuso de poder, tortura, viola\u00e7\u00e3o, ofensas \u00e0 integridade f\u00edsica, falsifica\u00e7\u00e3o de documento, furto qual<\/p>\n","protected":false},"excerpt":{"rendered":"<p>Os tribunais regressam em pleno esta ter\u00e7a-feira, depois de um m\u00eas e meio de f\u00e9rias judiciais, com o recome\u00e7o de processos medi\u00e1ticos como o BES e com o in\u00edcio de julgamento dos agentes da PSP<\/p>\n","protected":false},"author":5,"featured_media":0,"comment_status":"open","ping_status":"","sticky":false,"template":"","format":"standard","meta":{"footnotes":""},"categories":[19],"tags":[],"class_list":["post-1208156","post","type-post","status-publish","format-standard","hentry","category-madeira-island-news","infinite-scroll-item","masonry-post","generate-columns","tablet-grid-50","mobile-grid-100","grid-parent","grid-33"],"_links":{"self":[{"href":"https:\/\/madeiraisland.news\/index.php?rest_route=\/wp\/v2\/posts\/1208156","targetHints":{"allow":["GET"]}}],"collection":[{"href":"https:\/\/madeiraisland.news\/index.php?rest_route=\/wp\/v2\/posts"}],"about":[{"href":"https:\/\/madeiraisland.news\/index.php?rest_route=\/wp\/v2\/types\/post"}],"author":[{"embeddable":true,"href":"https:\/\/madeiraisland.news\/index.php?rest_route=\/wp\/v2\/users\/5"}],"replies":[{"embeddable":true,"href":"https:\/\/madeiraisland.news\/index.php?rest_route=%2Fwp%2Fv2%2Fcomments&post=1208156"}],"version-history":[{"count":2,"href":"https:\/\/madeiraisland.news\/index.php?rest_route=\/wp\/v2\/posts\/1208156\/revisions"}],"predecessor-version":[{"id":1208158,"href":"https:\/\/madeiraisland.news\/index.php?rest_route=\/wp\/v2\/posts\/1208156\/revisions\/1208158"}],"wp:attachment":[{"href":"https:\/\/madeiraisland.news\/index.php?rest_route=%2Fwp%2Fv2%2Fmedia&parent=1208156"}],"wp:term":[{"taxonomy":"category","embeddable":true,"href":"https:\/\/madeiraisland.news\/index.php?rest_route=%2Fwp%2Fv2%2Fcategories&post=1208156"},{"taxonomy":"post_tag","embeddable":true,"href":"https:\/\/madeiraisland.news\/index.php?rest_route=%2Fwp%2Fv2%2Ftags&post=1208156"}],"curies":[{"name":"wp","href":"https:\/\/api.w.org\/{rel}","templated":true}]}}