{"id":1208154,"date":"2026-08-30T10:32:50","date_gmt":"2026-08-30T10:32:50","guid":{"rendered":"https:\/\/madeiraisland.news\/?p=1208154"},"modified":"2026-08-30T10:46:19","modified_gmt":"2026-08-30T10:46:19","slug":"pj-investiga-incendio-na-furneira-que-ameacou-habitacoes","status":"publish","type":"post","link":"https:\/\/madeiraisland.news\/?p=1208154","title":{"rendered":"PJ investiga inc\u00eandio na Furneira que amea\u00e7ou habita\u00e7\u00f5es"},"content":{"rendered":"<p>A Pol\u00edcia Judici\u00e1ria est\u00e1 a investigar as causas do inc\u00eandio que deflagrou, na noite de ontem, na zona da\u00a0Furneira, no Jardim da Serra, e que chegou a amea\u00e7ar algumas habita\u00e7\u00f5es.<br \/>\nEm declara\u00e7\u00f5es \u00e0\u00a0TSF-Madeira, Valter Ferreira, adjunto do Comando do Servi\u00e7o Regional de Protec\u00e7\u00e3o Civil, confirmou que a PJ j\u00e1 esteve no teatro de opera\u00e7\u00f5es, estando agora a cargo das autoridades competentes o apuramento das circunst\u00e2ncias em que o fogo teve in\u00edcio.<br \/>\nO alerta foi recebido pelo Comando Regional de Opera\u00e7<\/p>\n","protected":false},"excerpt":{"rendered":"<p>A Pol\u00edcia Judici\u00e1ria est\u00e1 a investigar as causas do inc\u00eandio que deflagrou, na noite de ontem, na zona da\u00a0Furneira, no &#8230; <\/p>\n<p class=\"read-more-container\"><a title=\"PJ investiga inc\u00eandio na Furneira que amea\u00e7ou habita\u00e7\u00f5es\" class=\"read-more button\" href=\"https:\/\/madeiraisland.news\/?p=1208154#more-1208154\" aria-label=\"Read more about PJ investiga inc\u00eandio na Furneira que amea\u00e7ou habita\u00e7\u00f5es\">Read more<\/a><\/p>\n","protected":false},"author":284,"featured_media":0,"comment_status":"open","ping_status":"","sticky":false,"template":"","format":"standard","meta":{"footnotes":""},"categories":[19],"tags":[],"class_list":["post-1208154","post","type-post","status-publish","format-standard","hentry","category-madeira-island-news","infinite-scroll-item","masonry-post","generate-columns","tablet-grid-50","mobile-grid-100","grid-parent","grid-33"],"_links":{"self":[{"href":"https:\/\/madeiraisland.news\/index.php?rest_route=\/wp\/v2\/posts\/1208154","targetHints":{"allow":["GET"]}}],"collection":[{"href":"https:\/\/madeiraisland.news\/index.php?rest_route=\/wp\/v2\/posts"}],"about":[{"href":"https:\/\/madeiraisland.news\/index.php?rest_route=\/wp\/v2\/types\/post"}],"author":[{"embeddable":true,"href":"https:\/\/madeiraisland.news\/index.php?rest_route=\/wp\/v2\/users\/284"}],"replies":[{"embeddable":true,"href":"https:\/\/madeiraisland.news\/index.php?rest_route=%2Fwp%2Fv2%2Fcomments&post=1208154"}],"version-history":[{"count":1,"href":"https:\/\/madeiraisland.news\/index.php?rest_route=\/wp\/v2\/posts\/1208154\/revisions"}],"predecessor-version":[{"id":1208155,"href":"https:\/\/madeiraisland.news\/index.php?rest_route=\/wp\/v2\/posts\/1208154\/revisions\/1208155"}],"wp:attachment":[{"href":"https:\/\/madeiraisland.news\/index.php?rest_route=%2Fwp%2Fv2%2Fmedia&parent=1208154"}],"wp:term":[{"taxonomy":"category","embeddable":true,"href":"https:\/\/madeiraisland.news\/index.php?rest_route=%2Fwp%2Fv2%2Fcategories&post=1208154"},{"taxonomy":"post_tag","embeddable":true,"href":"https:\/\/madeiraisland.news\/index.php?rest_route=%2Fwp%2Fv2%2Ftags&post=1208154"}],"curies":[{"name":"wp","href":"https:\/\/api.w.org\/{rel}","templated":true}]}}