{"id":1208152,"date":"2026-08-30T10:24:14","date_gmt":"2026-08-30T10:24:14","guid":{"rendered":"https:\/\/madeiraisland.news\/?p=1208152"},"modified":"2026-08-30T10:33:11","modified_gmt":"2026-08-30T10:33:11","slug":"30-de-agosto-dia-internacional-das-vitimas-de-desaparecimentos-forcados","status":"publish","type":"post","link":"https:\/\/madeiraisland.news\/?p=1208152","title":{"rendered":"30 de agosto: Dia Internacional das V\u00edtimas de Desaparecimentos For\u00e7ados"},"content":{"rendered":"<p>AF! Assinalado anualmente a 30 de agosto, o Dia Internacional das V\u00edtimas de Desaparecimentos For\u00e7ados chama a aten\u00e7\u00e3o para uma das mais graves viola\u00e7\u00f5es dos direitos humanos: o desaparecimento de pessoas mediante deten\u00e7\u00f5es, raptos ou priva\u00e7\u00f5es de liberdade praticadas por agentes do Estado \u2014 ou por grupos que agem com a sua autoriza\u00e7\u00e3o, apoio ou [\u2026]<\/p>\n","protected":false},"excerpt":{"rendered":"<p>AF! Assinalado anualmente a 30 de agosto, o Dia Internacional das V\u00edtimas de Desaparecimentos For\u00e7ados chama a aten\u00e7\u00e3o para uma &#8230; <\/p>\n<p class=\"read-more-container\"><a title=\"30 de agosto: Dia Internacional das V\u00edtimas de Desaparecimentos For\u00e7ados\" class=\"read-more button\" href=\"https:\/\/madeiraisland.news\/?p=1208152#more-1208152\" aria-label=\"Read more about 30 de agosto: Dia Internacional das V\u00edtimas de Desaparecimentos For\u00e7ados\">Read more<\/a><\/p>\n","protected":false},"author":260,"featured_media":0,"comment_status":"open","ping_status":"","sticky":false,"template":"","format":"standard","meta":{"footnotes":""},"categories":[19],"tags":[],"class_list":["post-1208152","post","type-post","status-publish","format-standard","hentry","category-madeira-island-news","infinite-scroll-item","masonry-post","generate-columns","tablet-grid-50","mobile-grid-100","grid-parent","grid-33"],"_links":{"self":[{"href":"https:\/\/madeiraisland.news\/index.php?rest_route=\/wp\/v2\/posts\/1208152","targetHints":{"allow":["GET"]}}],"collection":[{"href":"https:\/\/madeiraisland.news\/index.php?rest_route=\/wp\/v2\/posts"}],"about":[{"href":"https:\/\/madeiraisland.news\/index.php?rest_route=\/wp\/v2\/types\/post"}],"author":[{"embeddable":true,"href":"https:\/\/madeiraisland.news\/index.php?rest_route=\/wp\/v2\/users\/260"}],"replies":[{"embeddable":true,"href":"https:\/\/madeiraisland.news\/index.php?rest_route=%2Fwp%2Fv2%2Fcomments&post=1208152"}],"version-history":[{"count":1,"href":"https:\/\/madeiraisland.news\/index.php?rest_route=\/wp\/v2\/posts\/1208152\/revisions"}],"predecessor-version":[{"id":1208153,"href":"https:\/\/madeiraisland.news\/index.php?rest_route=\/wp\/v2\/posts\/1208152\/revisions\/1208153"}],"wp:attachment":[{"href":"https:\/\/madeiraisland.news\/index.php?rest_route=%2Fwp%2Fv2%2Fmedia&parent=1208152"}],"wp:term":[{"taxonomy":"category","embeddable":true,"href":"https:\/\/madeiraisland.news\/index.php?rest_route=%2Fwp%2Fv2%2Fcategories&post=1208152"},{"taxonomy":"post_tag","embeddable":true,"href":"https:\/\/madeiraisland.news\/index.php?rest_route=%2Fwp%2Fv2%2Ftags&post=1208152"}],"curies":[{"name":"wp","href":"https:\/\/api.w.org\/{rel}","templated":true}]}}