{"id":1208149,"date":"2026-08-30T08:45:32","date_gmt":"2026-08-30T08:45:32","guid":{"rendered":"https:\/\/madeiraisland.news\/?p=1208149"},"modified":"2026-08-30T08:59:53","modified_gmt":"2026-08-30T08:59:53","slug":"motociclista-morre-em-despiste-na-segunda-circular-em-lisboa","status":"publish","type":"post","link":"https:\/\/madeiraisland.news\/?p=1208149","title":{"rendered":"Motociclista morre em despiste na Segunda Circular em Lisboa"},"content":{"rendered":"<p>Um homem de 30 anos morreu hoje ao despistar-se de mota na Segunda Circular, em Lisboa, disse \u00e0 ag\u00eancia Lusa fonte da Pol\u00edcia de Seguran\u00e7a P\u00fablica (PSP).<br \/>\nO acidente foi registado pela pol\u00edcia \u00e0s 04:51 e n\u00e3o envolveu outras viaturas, disse a mesma fonte.<br \/>\nAs causas do acidente ainda s\u00e3o desconhecidas.<\/p>\n","protected":false},"excerpt":{"rendered":"<p>Um homem de 30 anos morreu hoje ao despistar-se de mota na Segunda Circular, em Lisboa, disse \u00e0 ag\u00eancia Lusa fonte da Pol\u00edcia de Seguran\u00e7a P\u00fablica (PSP). O acidente foi registado pela pol\u00edcia \u00e0s 04:51<\/p>\n","protected":false},"author":5,"featured_media":0,"comment_status":"open","ping_status":"","sticky":false,"template":"","format":"standard","meta":{"footnotes":""},"categories":[19],"tags":[],"class_list":["post-1208149","post","type-post","status-publish","format-standard","hentry","category-madeira-island-news","infinite-scroll-item","masonry-post","generate-columns","tablet-grid-50","mobile-grid-100","grid-parent","grid-33"],"_links":{"self":[{"href":"https:\/\/madeiraisland.news\/index.php?rest_route=\/wp\/v2\/posts\/1208149","targetHints":{"allow":["GET"]}}],"collection":[{"href":"https:\/\/madeiraisland.news\/index.php?rest_route=\/wp\/v2\/posts"}],"about":[{"href":"https:\/\/madeiraisland.news\/index.php?rest_route=\/wp\/v2\/types\/post"}],"author":[{"embeddable":true,"href":"https:\/\/madeiraisland.news\/index.php?rest_route=\/wp\/v2\/users\/5"}],"replies":[{"embeddable":true,"href":"https:\/\/madeiraisland.news\/index.php?rest_route=%2Fwp%2Fv2%2Fcomments&post=1208149"}],"version-history":[{"count":2,"href":"https:\/\/madeiraisland.news\/index.php?rest_route=\/wp\/v2\/posts\/1208149\/revisions"}],"predecessor-version":[{"id":1208151,"href":"https:\/\/madeiraisland.news\/index.php?rest_route=\/wp\/v2\/posts\/1208149\/revisions\/1208151"}],"wp:attachment":[{"href":"https:\/\/madeiraisland.news\/index.php?rest_route=%2Fwp%2Fv2%2Fmedia&parent=1208149"}],"wp:term":[{"taxonomy":"category","embeddable":true,"href":"https:\/\/madeiraisland.news\/index.php?rest_route=%2Fwp%2Fv2%2Fcategories&post=1208149"},{"taxonomy":"post_tag","embeddable":true,"href":"https:\/\/madeiraisland.news\/index.php?rest_route=%2Fwp%2Fv2%2Ftags&post=1208149"}],"curies":[{"name":"wp","href":"https:\/\/api.w.org\/{rel}","templated":true}]}}