{"id":1208145,"date":"2026-08-30T08:31:26","date_gmt":"2026-08-30T08:31:26","guid":{"rendered":"https:\/\/madeiraisland.news\/?p=1208145"},"modified":"2026-08-30T08:46:05","modified_gmt":"2026-08-30T08:46:05","slug":"autoridades-investigam-voo-de-drone-junto-ao-aeroporto-da-madeira","status":"publish","type":"post","link":"https:\/\/madeiraisland.news\/?p=1208145","title":{"rendered":"Autoridades investigam voo de drone junto ao Aeroporto da Madeira"},"content":{"rendered":"<p>As autoridades est\u00e3o a averiguar uma opera\u00e7\u00e3o com drone realizada nas proximidades do Aeroporto Internacional da Madeira \u2013 Cristiano Ronaldo, depois de terem sido divulgadas nas redes sociais imagens captadas nas imedia\u00e7\u00f5es da infra-estrutura aeroportu\u00e1ria.<br \/>\nO DI\u00c1RIO sabe que o caso foi j\u00e1 formalmente participado \u00e0 Autoridade Nacional da Avia\u00e7\u00e3o Civil (ANAC) e \u00e0 PSP, atrav\u00e9s da Seguran\u00e7a Aeroportu\u00e1ria do Aeroporto da Madeira. Foi igualmente dado conhecimento da situa\u00e7\u00e3o \u00e0 Autoridade Aeron\u00e1utica N<\/p>\n","protected":false},"excerpt":{"rendered":"<p>As autoridades est\u00e3o a averiguar uma opera\u00e7\u00e3o com drone realizada nas proximidades do Aeroporto Internacional da Madeira \u2013 Cristiano Ronaldo, &#8230; <\/p>\n<p class=\"read-more-container\"><a title=\"Autoridades investigam voo de drone junto ao Aeroporto da Madeira\" class=\"read-more button\" href=\"https:\/\/madeiraisland.news\/?p=1208145#more-1208145\" aria-label=\"Read more about Autoridades investigam voo de drone junto ao Aeroporto da Madeira\">Read more<\/a><\/p>\n","protected":false},"author":284,"featured_media":0,"comment_status":"open","ping_status":"","sticky":false,"template":"","format":"standard","meta":{"footnotes":""},"categories":[19],"tags":[],"class_list":["post-1208145","post","type-post","status-publish","format-standard","hentry","category-madeira-island-news","infinite-scroll-item","masonry-post","generate-columns","tablet-grid-50","mobile-grid-100","grid-parent","grid-33"],"_links":{"self":[{"href":"https:\/\/madeiraisland.news\/index.php?rest_route=\/wp\/v2\/posts\/1208145","targetHints":{"allow":["GET"]}}],"collection":[{"href":"https:\/\/madeiraisland.news\/index.php?rest_route=\/wp\/v2\/posts"}],"about":[{"href":"https:\/\/madeiraisland.news\/index.php?rest_route=\/wp\/v2\/types\/post"}],"author":[{"embeddable":true,"href":"https:\/\/madeiraisland.news\/index.php?rest_route=\/wp\/v2\/users\/284"}],"replies":[{"embeddable":true,"href":"https:\/\/madeiraisland.news\/index.php?rest_route=%2Fwp%2Fv2%2Fcomments&post=1208145"}],"version-history":[{"count":1,"href":"https:\/\/madeiraisland.news\/index.php?rest_route=\/wp\/v2\/posts\/1208145\/revisions"}],"predecessor-version":[{"id":1208146,"href":"https:\/\/madeiraisland.news\/index.php?rest_route=\/wp\/v2\/posts\/1208145\/revisions\/1208146"}],"wp:attachment":[{"href":"https:\/\/madeiraisland.news\/index.php?rest_route=%2Fwp%2Fv2%2Fmedia&parent=1208145"}],"wp:term":[{"taxonomy":"category","embeddable":true,"href":"https:\/\/madeiraisland.news\/index.php?rest_route=%2Fwp%2Fv2%2Fcategories&post=1208145"},{"taxonomy":"post_tag","embeddable":true,"href":"https:\/\/madeiraisland.news\/index.php?rest_route=%2Fwp%2Fv2%2Ftags&post=1208145"}],"curies":[{"name":"wp","href":"https:\/\/api.w.org\/{rel}","templated":true}]}}