{"id":1208143,"date":"2026-08-30T07:45:53","date_gmt":"2026-08-30T07:45:53","guid":{"rendered":"https:\/\/madeiraisland.news\/?p=1208143"},"modified":"2026-08-30T07:50:55","modified_gmt":"2026-08-30T07:50:55","slug":"incendio-nas-furneiras-em-fase-de-rescaldo","status":"publish","type":"post","link":"https:\/\/madeiraisland.news\/?p=1208143","title":{"rendered":"Inc\u00eandio nas Furneiras em fase de rescaldo"},"content":{"rendered":"<p>O inc\u00eandio que deflagrou na noite de ontem na zona das Furneiras, no concelho de C\u00e2mara de Lobos, encontrar-se-\u00e1 esta manh\u00e3 em fase de rescaldo, apurou o DI\u00c1RIO junto de fonte da corpora\u00e7\u00e3o de bombeiros.<br \/>\nCom o nascer do dia, o meio a\u00e9reo foi tamb\u00e9m mobilizado para o teatro de opera\u00e7\u00f5es, estando o helic\u00f3ptero a apoiar os trabalhos que decorrem no terreno. Durante a noite, as condi\u00e7\u00f5es de visibilidade impossibilitaram naturalmente a utiliza\u00e7\u00e3o deste recurso no combate \u00e0s chamas.<br \/>\nO fogo obrigou, de<\/p>\n","protected":false},"excerpt":{"rendered":"<p>O inc\u00eandio que deflagrou na noite de ontem na zona das Furneiras, no concelho de C\u00e2mara de Lobos, encontrar-se-\u00e1 esta &#8230; <\/p>\n<p class=\"read-more-container\"><a title=\"Inc\u00eandio nas Furneiras em fase de rescaldo\" class=\"read-more button\" href=\"https:\/\/madeiraisland.news\/?p=1208143#more-1208143\" aria-label=\"Read more about Inc\u00eandio nas Furneiras em fase de rescaldo\">Read more<\/a><\/p>\n","protected":false},"author":284,"featured_media":0,"comment_status":"open","ping_status":"","sticky":false,"template":"","format":"standard","meta":{"footnotes":""},"categories":[19],"tags":[],"class_list":["post-1208143","post","type-post","status-publish","format-standard","hentry","category-madeira-island-news","infinite-scroll-item","masonry-post","generate-columns","tablet-grid-50","mobile-grid-100","grid-parent","grid-33"],"_links":{"self":[{"href":"https:\/\/madeiraisland.news\/index.php?rest_route=\/wp\/v2\/posts\/1208143","targetHints":{"allow":["GET"]}}],"collection":[{"href":"https:\/\/madeiraisland.news\/index.php?rest_route=\/wp\/v2\/posts"}],"about":[{"href":"https:\/\/madeiraisland.news\/index.php?rest_route=\/wp\/v2\/types\/post"}],"author":[{"embeddable":true,"href":"https:\/\/madeiraisland.news\/index.php?rest_route=\/wp\/v2\/users\/284"}],"replies":[{"embeddable":true,"href":"https:\/\/madeiraisland.news\/index.php?rest_route=%2Fwp%2Fv2%2Fcomments&post=1208143"}],"version-history":[{"count":1,"href":"https:\/\/madeiraisland.news\/index.php?rest_route=\/wp\/v2\/posts\/1208143\/revisions"}],"predecessor-version":[{"id":1208144,"href":"https:\/\/madeiraisland.news\/index.php?rest_route=\/wp\/v2\/posts\/1208143\/revisions\/1208144"}],"wp:attachment":[{"href":"https:\/\/madeiraisland.news\/index.php?rest_route=%2Fwp%2Fv2%2Fmedia&parent=1208143"}],"wp:term":[{"taxonomy":"category","embeddable":true,"href":"https:\/\/madeiraisland.news\/index.php?rest_route=%2Fwp%2Fv2%2Fcategories&post=1208143"},{"taxonomy":"post_tag","embeddable":true,"href":"https:\/\/madeiraisland.news\/index.php?rest_route=%2Fwp%2Fv2%2Ftags&post=1208143"}],"curies":[{"name":"wp","href":"https:\/\/api.w.org\/{rel}","templated":true}]}}