{"id":1208075,"date":"2026-08-28T23:01:49","date_gmt":"2026-08-28T23:01:49","guid":{"rendered":"https:\/\/madeiraisland.news\/?p=1208075"},"modified":"2026-08-28T23:16:14","modified_gmt":"2026-08-28T23:16:14","slug":"tc-diz-que-lei-do-retorno-da-garantias-relevantes-que-salvaguardam-superior-interesse-de-criancas","status":"publish","type":"post","link":"https:\/\/madeiraisland.news\/?p=1208075","title":{"rendered":"TC diz que lei do retorno d\u00e1 garantias relevantes que salvaguardam superior interesse de crian\u00e7as"},"content":{"rendered":"<p>Os ju\u00edzes do Tribunal Constitucional (TC) consideraram hoje que o decreto do Parlamento sobre concess\u00e3o de asilo, deten\u00e7\u00e3o e retorno de estrangeiros cont\u00e9m garantias relevantes que salvaguardam o &#8220;superior interesse&#8221; das crian\u00e7as.<br \/>\nSobre a norma que permite o afastamento coercivo e a expuls\u00e3o de cidad\u00e3os estrangeiros que tenham a seu cargo filhos menores de nacionalidade portuguesa a residir em Portugal, os ju\u00edzes consideraram que o legislador n\u00e3o configurou os fundamentos previstos como &#8220;causas <\/p>\n","protected":false},"excerpt":{"rendered":"<p>Os ju\u00edzes do Tribunal Constitucional (TC) consideraram hoje que o decreto do Parlamento sobre concess\u00e3o de asilo, deten\u00e7\u00e3o e retorno de estrangeiros cont\u00e9m garantias relevantes que salvaguardam o &#8220;superior interesse&#8221; das crian\u00e7as. Sobre a norma<\/p>\n","protected":false},"author":5,"featured_media":0,"comment_status":"open","ping_status":"","sticky":false,"template":"","format":"standard","meta":{"footnotes":""},"categories":[19],"tags":[],"class_list":["post-1208075","post","type-post","status-publish","format-standard","hentry","category-madeira-island-news","infinite-scroll-item","masonry-post","generate-columns","tablet-grid-50","mobile-grid-100","grid-parent","grid-33"],"_links":{"self":[{"href":"https:\/\/madeiraisland.news\/index.php?rest_route=\/wp\/v2\/posts\/1208075","targetHints":{"allow":["GET"]}}],"collection":[{"href":"https:\/\/madeiraisland.news\/index.php?rest_route=\/wp\/v2\/posts"}],"about":[{"href":"https:\/\/madeiraisland.news\/index.php?rest_route=\/wp\/v2\/types\/post"}],"author":[{"embeddable":true,"href":"https:\/\/madeiraisland.news\/index.php?rest_route=\/wp\/v2\/users\/5"}],"replies":[{"embeddable":true,"href":"https:\/\/madeiraisland.news\/index.php?rest_route=%2Fwp%2Fv2%2Fcomments&post=1208075"}],"version-history":[{"count":2,"href":"https:\/\/madeiraisland.news\/index.php?rest_route=\/wp\/v2\/posts\/1208075\/revisions"}],"predecessor-version":[{"id":1208077,"href":"https:\/\/madeiraisland.news\/index.php?rest_route=\/wp\/v2\/posts\/1208075\/revisions\/1208077"}],"wp:attachment":[{"href":"https:\/\/madeiraisland.news\/index.php?rest_route=%2Fwp%2Fv2%2Fmedia&parent=1208075"}],"wp:term":[{"taxonomy":"category","embeddable":true,"href":"https:\/\/madeiraisland.news\/index.php?rest_route=%2Fwp%2Fv2%2Fcategories&post=1208075"},{"taxonomy":"post_tag","embeddable":true,"href":"https:\/\/madeiraisland.news\/index.php?rest_route=%2Fwp%2Fv2%2Ftags&post=1208075"}],"curies":[{"name":"wp","href":"https:\/\/api.w.org\/{rel}","templated":true}]}}