{"id":1208067,"date":"2026-08-28T19:51:31","date_gmt":"2026-08-28T19:51:31","guid":{"rendered":"https:\/\/madeiraisland.news\/?p=1208067"},"modified":"2026-08-28T20:11:24","modified_gmt":"2026-08-28T20:11:24","slug":"psd-otimista-quanto-a-promulgacao-da-lei-do-retorno-e-fala-em-dever-cumprido","status":"publish","type":"post","link":"https:\/\/madeiraisland.news\/?p=1208067","title":{"rendered":"PSD otimista quanto \u00e0 promulga\u00e7\u00e3o da lei do retorno e fala em &#8220;dever cumprido&#8221;"},"content":{"rendered":"<p>O PSD recebeu hoje com &#8220;sentimento de dever cumprido&#8221; a &#8220;luz verde&#8221; do Tribunal Constitucional (TC) \u00e0 chamada lei do retorno e manifestou-se otimista que o diploma ser\u00e1 promulgado pelo Presidente da Rep\u00fablica.<br \/>\nSebasti\u00e3o Bugalho falava em confer\u00eancia de imprensa em Castelo de Vide (Portalegre), na Universidade de Ver\u00e3o do PSD, sobre a decis\u00e3o do TC que considerou hoje, por unanimidade, constitucionais as normas do diploma que altera a concess\u00e3o de asilo e retorno de estrangeiros que o Presidente <\/p>\n","protected":false},"excerpt":{"rendered":"<p>O PSD recebeu hoje com &#8220;sentimento de dever cumprido&#8221; a &#8220;luz verde&#8221; do Tribunal Constitucional (TC) \u00e0 chamada lei do retorno e manifestou-se otimista que o diploma ser\u00e1 promulgado pelo Presidente da Rep\u00fablica. Sebasti\u00e3o Bugalho<\/p>\n","protected":false},"author":5,"featured_media":0,"comment_status":"open","ping_status":"","sticky":false,"template":"","format":"standard","meta":{"footnotes":""},"categories":[19],"tags":[],"class_list":["post-1208067","post","type-post","status-publish","format-standard","hentry","category-madeira-island-news","infinite-scroll-item","masonry-post","generate-columns","tablet-grid-50","mobile-grid-100","grid-parent","grid-33"],"_links":{"self":[{"href":"https:\/\/madeiraisland.news\/index.php?rest_route=\/wp\/v2\/posts\/1208067","targetHints":{"allow":["GET"]}}],"collection":[{"href":"https:\/\/madeiraisland.news\/index.php?rest_route=\/wp\/v2\/posts"}],"about":[{"href":"https:\/\/madeiraisland.news\/index.php?rest_route=\/wp\/v2\/types\/post"}],"author":[{"embeddable":true,"href":"https:\/\/madeiraisland.news\/index.php?rest_route=\/wp\/v2\/users\/5"}],"replies":[{"embeddable":true,"href":"https:\/\/madeiraisland.news\/index.php?rest_route=%2Fwp%2Fv2%2Fcomments&post=1208067"}],"version-history":[{"count":2,"href":"https:\/\/madeiraisland.news\/index.php?rest_route=\/wp\/v2\/posts\/1208067\/revisions"}],"predecessor-version":[{"id":1208069,"href":"https:\/\/madeiraisland.news\/index.php?rest_route=\/wp\/v2\/posts\/1208067\/revisions\/1208069"}],"wp:attachment":[{"href":"https:\/\/madeiraisland.news\/index.php?rest_route=%2Fwp%2Fv2%2Fmedia&parent=1208067"}],"wp:term":[{"taxonomy":"category","embeddable":true,"href":"https:\/\/madeiraisland.news\/index.php?rest_route=%2Fwp%2Fv2%2Fcategories&post=1208067"},{"taxonomy":"post_tag","embeddable":true,"href":"https:\/\/madeiraisland.news\/index.php?rest_route=%2Fwp%2Fv2%2Ftags&post=1208067"}],"curies":[{"name":"wp","href":"https:\/\/api.w.org\/{rel}","templated":true}]}}