{"id":1208064,"date":"2026-08-28T19:24:13","date_gmt":"2026-08-28T19:24:13","guid":{"rendered":"https:\/\/madeiraisland.news\/?p=1208064"},"modified":"2026-08-28T19:30:01","modified_gmt":"2026-08-28T19:30:01","slug":"inspeccao-detectou-atrasos-nos-pedidos-de-reapreciacao-em-69-escolas","status":"publish","type":"post","link":"https:\/\/madeiraisland.news\/?p=1208064","title":{"rendered":"Inspec\u00e7\u00e3o detectou atrasos nos pedidos de reaprecia\u00e7\u00e3o em 69 escolas"},"content":{"rendered":"<p>A Inspe\u00e7\u00e3o-Geral da Educa\u00e7\u00e3o e Ci\u00eancia (IGEC) detetou atrasos nos pedidos de reaprecia\u00e7\u00e3o dos exames nacionais em 69 escolas p\u00fablicas e privadas, bem como atrasos em 29 escolas na entrega dos exames, tendo recomendado a instaura\u00e7\u00e3o de inqu\u00e9ritos.<br \/>\nO relat\u00f3rio da IGEC foi revelado hoje pelo Minist\u00e9rio da Educa\u00e7\u00e3o, Ci\u00eancia e Inova\u00e7\u00e3o, que tinha pedido um inqu\u00e9rito com urg\u00eancia \u00e0 inspe\u00e7\u00e3o-geral sobre irregularidades praticadas por escolas, p\u00fablicas e privadas, no \u00e2mbito dos exames finais nacionais d<\/p>\n","protected":false},"excerpt":{"rendered":"<p>A Inspe\u00e7\u00e3o-Geral da Educa\u00e7\u00e3o e Ci\u00eancia (IGEC) detetou atrasos nos pedidos de reaprecia\u00e7\u00e3o dos exames nacionais em 69 escolas p\u00fablicas e privadas, bem como atrasos em 29 escolas na entrega dos exames, tendo recomendado a<\/p>\n","protected":false},"author":5,"featured_media":0,"comment_status":"open","ping_status":"","sticky":false,"template":"","format":"standard","meta":{"footnotes":""},"categories":[19],"tags":[],"class_list":["post-1208064","post","type-post","status-publish","format-standard","hentry","category-madeira-island-news","infinite-scroll-item","masonry-post","generate-columns","tablet-grid-50","mobile-grid-100","grid-parent","grid-33"],"_links":{"self":[{"href":"https:\/\/madeiraisland.news\/index.php?rest_route=\/wp\/v2\/posts\/1208064","targetHints":{"allow":["GET"]}}],"collection":[{"href":"https:\/\/madeiraisland.news\/index.php?rest_route=\/wp\/v2\/posts"}],"about":[{"href":"https:\/\/madeiraisland.news\/index.php?rest_route=\/wp\/v2\/types\/post"}],"author":[{"embeddable":true,"href":"https:\/\/madeiraisland.news\/index.php?rest_route=\/wp\/v2\/users\/5"}],"replies":[{"embeddable":true,"href":"https:\/\/madeiraisland.news\/index.php?rest_route=%2Fwp%2Fv2%2Fcomments&post=1208064"}],"version-history":[{"count":2,"href":"https:\/\/madeiraisland.news\/index.php?rest_route=\/wp\/v2\/posts\/1208064\/revisions"}],"predecessor-version":[{"id":1208066,"href":"https:\/\/madeiraisland.news\/index.php?rest_route=\/wp\/v2\/posts\/1208064\/revisions\/1208066"}],"wp:attachment":[{"href":"https:\/\/madeiraisland.news\/index.php?rest_route=%2Fwp%2Fv2%2Fmedia&parent=1208064"}],"wp:term":[{"taxonomy":"category","embeddable":true,"href":"https:\/\/madeiraisland.news\/index.php?rest_route=%2Fwp%2Fv2%2Fcategories&post=1208064"},{"taxonomy":"post_tag","embeddable":true,"href":"https:\/\/madeiraisland.news\/index.php?rest_route=%2Fwp%2Fv2%2Ftags&post=1208064"}],"curies":[{"name":"wp","href":"https:\/\/api.w.org\/{rel}","templated":true}]}}