{"id":1208059,"date":"2026-08-28T19:08:22","date_gmt":"2026-08-28T19:08:22","guid":{"rendered":"https:\/\/madeiraisland.news\/?p=1208059"},"modified":"2026-08-28T19:10:45","modified_gmt":"2026-08-28T19:10:45","slug":"tribunal-constitucional-da-luz-verde-a-decreto-sobre-concessao-de-asilo-e-retorno-de-estrangeiros","status":"publish","type":"post","link":"https:\/\/madeiraisland.news\/?p=1208059","title":{"rendered":"Tribunal Constitucional d\u00e1 luz verde a decreto sobre concess\u00e3o de asilo e retorno de estrangeiros"},"content":{"rendered":"<p>O Tribunal Constitucional considerou hoje constitucionais as normas do diploma que altera a concess\u00e3o de asilo e retorno de estrangeiros que o Presidente da Rep\u00fablica enviou para fiscaliza\u00e7\u00e3o preventiva, decis\u00e3o tomada por unanimidade.<br \/>\nA decis\u00e3o dos ju\u00edzes do pal\u00e1cio Ratton, anunciada hoje no Tribunal Constitucional, responde ao pedido do Presidente da Rep\u00fablica, que no passado dia 07 solicitou a fiscaliza\u00e7\u00e3o preventiva deste decreto da Assembleia da Rep\u00fablica, aprovado em julho com votos a favo<\/p>\n","protected":false},"excerpt":{"rendered":"<p>O Tribunal Constitucional considerou hoje constitucionais as normas do diploma que altera a concess\u00e3o de asilo e retorno de estrangeiros que o Presidente da Rep\u00fablica enviou para fiscaliza\u00e7\u00e3o preventiva, decis\u00e3o tomada por unanimidade. A decis\u00e3o<\/p>\n","protected":false},"author":5,"featured_media":0,"comment_status":"open","ping_status":"","sticky":false,"template":"","format":"standard","meta":{"footnotes":""},"categories":[19],"tags":[],"class_list":["post-1208059","post","type-post","status-publish","format-standard","hentry","category-madeira-island-news","infinite-scroll-item","masonry-post","generate-columns","tablet-grid-50","mobile-grid-100","grid-parent","grid-33"],"_links":{"self":[{"href":"https:\/\/madeiraisland.news\/index.php?rest_route=\/wp\/v2\/posts\/1208059","targetHints":{"allow":["GET"]}}],"collection":[{"href":"https:\/\/madeiraisland.news\/index.php?rest_route=\/wp\/v2\/posts"}],"about":[{"href":"https:\/\/madeiraisland.news\/index.php?rest_route=\/wp\/v2\/types\/post"}],"author":[{"embeddable":true,"href":"https:\/\/madeiraisland.news\/index.php?rest_route=\/wp\/v2\/users\/5"}],"replies":[{"embeddable":true,"href":"https:\/\/madeiraisland.news\/index.php?rest_route=%2Fwp%2Fv2%2Fcomments&post=1208059"}],"version-history":[{"count":2,"href":"https:\/\/madeiraisland.news\/index.php?rest_route=\/wp\/v2\/posts\/1208059\/revisions"}],"predecessor-version":[{"id":1208061,"href":"https:\/\/madeiraisland.news\/index.php?rest_route=\/wp\/v2\/posts\/1208059\/revisions\/1208061"}],"wp:attachment":[{"href":"https:\/\/madeiraisland.news\/index.php?rest_route=%2Fwp%2Fv2%2Fmedia&parent=1208059"}],"wp:term":[{"taxonomy":"category","embeddable":true,"href":"https:\/\/madeiraisland.news\/index.php?rest_route=%2Fwp%2Fv2%2Fcategories&post=1208059"},{"taxonomy":"post_tag","embeddable":true,"href":"https:\/\/madeiraisland.news\/index.php?rest_route=%2Fwp%2Fv2%2Ftags&post=1208059"}],"curies":[{"name":"wp","href":"https:\/\/api.w.org\/{rel}","templated":true}]}}