{"id":1208053,"date":"2026-08-28T17:43:54","date_gmt":"2026-08-28T17:43:54","guid":{"rendered":"https:\/\/madeiraisland.news\/?p=1208053"},"modified":"2026-08-28T17:49:38","modified_gmt":"2026-08-28T17:49:38","slug":"esff-da-conta-de-sucesso-em-colocacao-de-alunos-no-ensino-superior","status":"publish","type":"post","link":"https:\/\/madeiraisland.news\/?p=1208053","title":{"rendered":"ESFF d\u00e1 conta de sucesso em coloca\u00e7\u00e3o de alunos no Ensino Superior"},"content":{"rendered":"<p>A Escola Secund\u00e1ria de Francisco Franco encerrou a primeira fase de acesso ao ensino superior p\u00fablico com um balan\u00e7o geral de excel\u00eancia: um total de 502 alunos garantiram a sua coloca\u00e7\u00e3o, congratula-se a escola. Os dados estat\u00edsticos revelam que 328 destes estudantes conseguiram ingressar logo na sua primeira op\u00e7\u00e3o. Em termos percentuais, a taxa de [\u2026]<\/p>\n","protected":false},"excerpt":{"rendered":"<p>A Escola Secund\u00e1ria de Francisco Franco encerrou a primeira fase de acesso ao ensino superior p\u00fablico com um balan\u00e7o geral &#8230; <\/p>\n<p class=\"read-more-container\"><a title=\"ESFF d\u00e1 conta de sucesso em coloca\u00e7\u00e3o de alunos no Ensino Superior\" class=\"read-more button\" href=\"https:\/\/madeiraisland.news\/?p=1208053#more-1208053\" aria-label=\"Read more about ESFF d\u00e1 conta de sucesso em coloca\u00e7\u00e3o de alunos no Ensino Superior\">Read more<\/a><\/p>\n","protected":false},"author":258,"featured_media":0,"comment_status":"open","ping_status":"","sticky":false,"template":"","format":"standard","meta":{"footnotes":""},"categories":[19],"tags":[],"class_list":["post-1208053","post","type-post","status-publish","format-standard","hentry","category-madeira-island-news","infinite-scroll-item","masonry-post","generate-columns","tablet-grid-50","mobile-grid-100","grid-parent","grid-33"],"_links":{"self":[{"href":"https:\/\/madeiraisland.news\/index.php?rest_route=\/wp\/v2\/posts\/1208053","targetHints":{"allow":["GET"]}}],"collection":[{"href":"https:\/\/madeiraisland.news\/index.php?rest_route=\/wp\/v2\/posts"}],"about":[{"href":"https:\/\/madeiraisland.news\/index.php?rest_route=\/wp\/v2\/types\/post"}],"author":[{"embeddable":true,"href":"https:\/\/madeiraisland.news\/index.php?rest_route=\/wp\/v2\/users\/258"}],"replies":[{"embeddable":true,"href":"https:\/\/madeiraisland.news\/index.php?rest_route=%2Fwp%2Fv2%2Fcomments&post=1208053"}],"version-history":[{"count":1,"href":"https:\/\/madeiraisland.news\/index.php?rest_route=\/wp\/v2\/posts\/1208053\/revisions"}],"predecessor-version":[{"id":1208054,"href":"https:\/\/madeiraisland.news\/index.php?rest_route=\/wp\/v2\/posts\/1208053\/revisions\/1208054"}],"wp:attachment":[{"href":"https:\/\/madeiraisland.news\/index.php?rest_route=%2Fwp%2Fv2%2Fmedia&parent=1208053"}],"wp:term":[{"taxonomy":"category","embeddable":true,"href":"https:\/\/madeiraisland.news\/index.php?rest_route=%2Fwp%2Fv2%2Fcategories&post=1208053"},{"taxonomy":"post_tag","embeddable":true,"href":"https:\/\/madeiraisland.news\/index.php?rest_route=%2Fwp%2Fv2%2Ftags&post=1208053"}],"curies":[{"name":"wp","href":"https:\/\/api.w.org\/{rel}","templated":true}]}}