{"id":1208051,"date":"2026-08-28T17:28:39","date_gmt":"2026-08-28T17:28:39","guid":{"rendered":"https:\/\/madeiraisland.news\/?p=1208051"},"modified":"2026-08-28T17:33:14","modified_gmt":"2026-08-28T17:33:14","slug":"ivbam-maratona-das-artes-oficios-volta-a-realizar-se-em-setembro","status":"publish","type":"post","link":"https:\/\/madeiraisland.news\/?p=1208051","title":{"rendered":"IVBAM: Maratona das Artes &amp; Of\u00edcios volta a realizar-se em Setembro"},"content":{"rendered":"<p>O Instituto do Vinho, do Bordado e do Artesanato da Madeira (IVBAM) promove, no pr\u00f3ximo dia 19 de Setembro, entre as 10h00 e as 18h00, a 2.\u00aa edi\u00e7\u00e3o da Maratona das Artes &amp; Of\u00edcios, que este ano volta a juntar artes\u00e3os, criadores e p\u00fablico num dia dedicado ao artesanato regional. Depois da primeira edi\u00e7\u00e3o, realizada [\u2026]<\/p>\n","protected":false},"excerpt":{"rendered":"<p>O Instituto do Vinho, do Bordado e do Artesanato da Madeira (IVBAM) promove, no pr\u00f3ximo dia 19 de Setembro, entre &#8230; <\/p>\n<p class=\"read-more-container\"><a title=\"IVBAM: Maratona das Artes &amp; Of\u00edcios volta a realizar-se em Setembro\" class=\"read-more button\" href=\"https:\/\/madeiraisland.news\/?p=1208051#more-1208051\" aria-label=\"Read more about IVBAM: Maratona das Artes &amp; Of\u00edcios volta a realizar-se em Setembro\">Read more<\/a><\/p>\n","protected":false},"author":258,"featured_media":0,"comment_status":"open","ping_status":"","sticky":false,"template":"","format":"standard","meta":{"footnotes":""},"categories":[19],"tags":[],"class_list":["post-1208051","post","type-post","status-publish","format-standard","hentry","category-madeira-island-news","infinite-scroll-item","masonry-post","generate-columns","tablet-grid-50","mobile-grid-100","grid-parent","grid-33"],"_links":{"self":[{"href":"https:\/\/madeiraisland.news\/index.php?rest_route=\/wp\/v2\/posts\/1208051","targetHints":{"allow":["GET"]}}],"collection":[{"href":"https:\/\/madeiraisland.news\/index.php?rest_route=\/wp\/v2\/posts"}],"about":[{"href":"https:\/\/madeiraisland.news\/index.php?rest_route=\/wp\/v2\/types\/post"}],"author":[{"embeddable":true,"href":"https:\/\/madeiraisland.news\/index.php?rest_route=\/wp\/v2\/users\/258"}],"replies":[{"embeddable":true,"href":"https:\/\/madeiraisland.news\/index.php?rest_route=%2Fwp%2Fv2%2Fcomments&post=1208051"}],"version-history":[{"count":1,"href":"https:\/\/madeiraisland.news\/index.php?rest_route=\/wp\/v2\/posts\/1208051\/revisions"}],"predecessor-version":[{"id":1208052,"href":"https:\/\/madeiraisland.news\/index.php?rest_route=\/wp\/v2\/posts\/1208051\/revisions\/1208052"}],"wp:attachment":[{"href":"https:\/\/madeiraisland.news\/index.php?rest_route=%2Fwp%2Fv2%2Fmedia&parent=1208051"}],"wp:term":[{"taxonomy":"category","embeddable":true,"href":"https:\/\/madeiraisland.news\/index.php?rest_route=%2Fwp%2Fv2%2Fcategories&post=1208051"},{"taxonomy":"post_tag","embeddable":true,"href":"https:\/\/madeiraisland.news\/index.php?rest_route=%2Fwp%2Fv2%2Ftags&post=1208051"}],"curies":[{"name":"wp","href":"https:\/\/api.w.org\/{rel}","templated":true}]}}