{"id":1208049,"date":"2026-08-28T17:17:41","date_gmt":"2026-08-28T17:17:41","guid":{"rendered":"https:\/\/madeiraisland.news\/?p=1208049"},"modified":"2026-08-28T17:33:14","modified_gmt":"2026-08-28T17:33:14","slug":"bombeiro-soube-no-resgate-que-tinha-sido-pai-pela-primeira-vez","status":"publish","type":"post","link":"https:\/\/madeiraisland.news\/?p=1208049","title":{"rendered":"Bombeiro soube no resgate que tinha sido pai pela primeira vez"},"content":{"rendered":"<p>Cristiano Abreu, dos Bombeiros Volunt\u00e1rios Madeirenses, estava envolvido na complexa opera\u00e7\u00e3o de resgate do turista cazaque quando recebeu uma das not\u00edcias mais importantes da sua vida: tinha acabado de ser pai pela primeira vez.<br \/>\nA filha nasceu enquanto o bombeiro participava na miss\u00e3o de socorro que se prolongou durante cerca de 20 horas, na vereda do Pico Fur\u00e3o, na Faj\u00e3 dos Cortes, Curral das Freiras.<br \/>\nO momento foi assinalado pelos restantes elementos da corpora\u00e7\u00e3o, que presentearam Cristiano <\/p>\n","protected":false},"excerpt":{"rendered":"<p>Cristiano Abreu, dos Bombeiros Volunt\u00e1rios Madeirenses, estava envolvido na complexa opera\u00e7\u00e3o de resgate do turista cazaque quando recebeu uma das &#8230; <\/p>\n<p class=\"read-more-container\"><a title=\"Bombeiro soube no resgate que tinha sido pai pela primeira vez\" class=\"read-more button\" href=\"https:\/\/madeiraisland.news\/?p=1208049#more-1208049\" aria-label=\"Read more about Bombeiro soube no resgate que tinha sido pai pela primeira vez\">Read more<\/a><\/p>\n","protected":false},"author":284,"featured_media":0,"comment_status":"open","ping_status":"","sticky":false,"template":"","format":"standard","meta":{"footnotes":""},"categories":[19],"tags":[],"class_list":["post-1208049","post","type-post","status-publish","format-standard","hentry","category-madeira-island-news","infinite-scroll-item","masonry-post","generate-columns","tablet-grid-50","mobile-grid-100","grid-parent","grid-33"],"_links":{"self":[{"href":"https:\/\/madeiraisland.news\/index.php?rest_route=\/wp\/v2\/posts\/1208049","targetHints":{"allow":["GET"]}}],"collection":[{"href":"https:\/\/madeiraisland.news\/index.php?rest_route=\/wp\/v2\/posts"}],"about":[{"href":"https:\/\/madeiraisland.news\/index.php?rest_route=\/wp\/v2\/types\/post"}],"author":[{"embeddable":true,"href":"https:\/\/madeiraisland.news\/index.php?rest_route=\/wp\/v2\/users\/284"}],"replies":[{"embeddable":true,"href":"https:\/\/madeiraisland.news\/index.php?rest_route=%2Fwp%2Fv2%2Fcomments&post=1208049"}],"version-history":[{"count":1,"href":"https:\/\/madeiraisland.news\/index.php?rest_route=\/wp\/v2\/posts\/1208049\/revisions"}],"predecessor-version":[{"id":1208050,"href":"https:\/\/madeiraisland.news\/index.php?rest_route=\/wp\/v2\/posts\/1208049\/revisions\/1208050"}],"wp:attachment":[{"href":"https:\/\/madeiraisland.news\/index.php?rest_route=%2Fwp%2Fv2%2Fmedia&parent=1208049"}],"wp:term":[{"taxonomy":"category","embeddable":true,"href":"https:\/\/madeiraisland.news\/index.php?rest_route=%2Fwp%2Fv2%2Fcategories&post=1208049"},{"taxonomy":"post_tag","embeddable":true,"href":"https:\/\/madeiraisland.news\/index.php?rest_route=%2Fwp%2Fv2%2Ftags&post=1208049"}],"curies":[{"name":"wp","href":"https:\/\/api.w.org\/{rel}","templated":true}]}}