{"id":1208046,"date":"2026-08-28T17:06:38","date_gmt":"2026-08-28T17:06:38","guid":{"rendered":"https:\/\/madeiraisland.news\/?p=1208046"},"modified":"2026-08-28T17:15:26","modified_gmt":"2026-08-28T17:15:26","slug":"seguro-promulga-proibicao-de-smartphones-ate-ao-9-o-ano","status":"publish","type":"post","link":"https:\/\/madeiraisland.news\/?p=1208046","title":{"rendered":"Seguro promulga proibi\u00e7\u00e3o de &#8216;smartphones&#8217; at\u00e9 ao 9.\u00ba ano"},"content":{"rendered":"<p>O Presidente da Rep\u00fablica, Ant\u00f3nio Jos\u00e9 Seguro, promulgou hoje o diploma que alarga at\u00e9 ao 9.\u00ba ano a proibi\u00e7\u00e3o do uso de &#8216;smartphones&#8217; nas escolas.<br \/>\nA medida tinha sido anunciada h\u00e1 um m\u00eas pelo ministro da Educa\u00e7\u00e3o que, na altura, explicou que a decis\u00e3o teve por base a tend\u00eancia internacional e um novo inqu\u00e9rito aos diretores escolares que relataram que nos espa\u00e7os onde n\u00e3o entram telem\u00f3veis h\u00e1 &#8220;mais socializa\u00e7\u00e3o&#8221; e &#8220;menos indisciplina&#8221;.<br \/>\nNo passado ano letivo, a proibi\u00e7\u00e3o era obrigat\u00f3ria apenas e<\/p>\n","protected":false},"excerpt":{"rendered":"<p>O Presidente da Rep\u00fablica, Ant\u00f3nio Jos\u00e9 Seguro, promulgou hoje o diploma que alarga at\u00e9 ao 9.\u00ba ano a proibi\u00e7\u00e3o do uso de &#8216;smartphones&#8217; nas escolas. A medida tinha sido anunciada h\u00e1 um m\u00eas pelo ministro<\/p>\n","protected":false},"author":5,"featured_media":0,"comment_status":"open","ping_status":"","sticky":false,"template":"","format":"standard","meta":{"footnotes":""},"categories":[19],"tags":[],"class_list":["post-1208046","post","type-post","status-publish","format-standard","hentry","category-madeira-island-news","infinite-scroll-item","masonry-post","generate-columns","tablet-grid-50","mobile-grid-100","grid-parent","grid-33"],"_links":{"self":[{"href":"https:\/\/madeiraisland.news\/index.php?rest_route=\/wp\/v2\/posts\/1208046","targetHints":{"allow":["GET"]}}],"collection":[{"href":"https:\/\/madeiraisland.news\/index.php?rest_route=\/wp\/v2\/posts"}],"about":[{"href":"https:\/\/madeiraisland.news\/index.php?rest_route=\/wp\/v2\/types\/post"}],"author":[{"embeddable":true,"href":"https:\/\/madeiraisland.news\/index.php?rest_route=\/wp\/v2\/users\/5"}],"replies":[{"embeddable":true,"href":"https:\/\/madeiraisland.news\/index.php?rest_route=%2Fwp%2Fv2%2Fcomments&post=1208046"}],"version-history":[{"count":2,"href":"https:\/\/madeiraisland.news\/index.php?rest_route=\/wp\/v2\/posts\/1208046\/revisions"}],"predecessor-version":[{"id":1208048,"href":"https:\/\/madeiraisland.news\/index.php?rest_route=\/wp\/v2\/posts\/1208046\/revisions\/1208048"}],"wp:attachment":[{"href":"https:\/\/madeiraisland.news\/index.php?rest_route=%2Fwp%2Fv2%2Fmedia&parent=1208046"}],"wp:term":[{"taxonomy":"category","embeddable":true,"href":"https:\/\/madeiraisland.news\/index.php?rest_route=%2Fwp%2Fv2%2Fcategories&post=1208046"},{"taxonomy":"post_tag","embeddable":true,"href":"https:\/\/madeiraisland.news\/index.php?rest_route=%2Fwp%2Fv2%2Ftags&post=1208046"}],"curies":[{"name":"wp","href":"https:\/\/api.w.org\/{rel}","templated":true}]}}