{"id":1208043,"date":"2026-08-28T17:12:05","date_gmt":"2026-08-28T17:12:05","guid":{"rendered":"https:\/\/madeiraisland.news\/?p=1208043"},"modified":"2026-08-28T17:15:26","modified_gmt":"2026-08-28T17:15:26","slug":"chega-apresenta-mocao-de-censura-se-luis-neves-continuar-no-governo","status":"publish","type":"post","link":"https:\/\/madeiraisland.news\/?p=1208043","title":{"rendered":"Chega apresenta mo\u00e7\u00e3o de censura se Lu\u00eds Neves continuar no Governo"},"content":{"rendered":"<p>O presidente do Chega admitiu hoje que o partido avan\u00e7ar\u00e1 com uma mo\u00e7\u00e3o de censura ao Governo caso o primeiro-ministro n\u00e3o resolva a situa\u00e7\u00e3o do ministro da Administra\u00e7\u00e3o Interna, que considera ter atingido um n\u00edvel &#8220;grotesco&#8221; e &#8220;inaceit\u00e1vel&#8221;.<br \/>\n&#8220;Se este padr\u00e3o \u00e9tico deixar de existir, se n\u00f3s n\u00e3o tivermos a resolu\u00e7\u00e3o desta situa\u00e7\u00e3o, n\u00f3s juntamo-nos ao apelo que o Presidente da Rep\u00fablica fez e apresentaremos uma mo\u00e7\u00e3o de censura na ter\u00e7a-feira, no dia 01 [de setembro], no Parlamento&#8221;, assegurou And<\/p>\n","protected":false},"excerpt":{"rendered":"<p>O presidente do Chega admitiu hoje que o partido avan\u00e7ar\u00e1 com uma mo\u00e7\u00e3o de censura ao Governo caso o primeiro-ministro n\u00e3o resolva a situa\u00e7\u00e3o do ministro da Administra\u00e7\u00e3o Interna, que considera ter atingido um n\u00edvel<\/p>\n","protected":false},"author":5,"featured_media":0,"comment_status":"open","ping_status":"","sticky":false,"template":"","format":"standard","meta":{"footnotes":""},"categories":[19],"tags":[],"class_list":["post-1208043","post","type-post","status-publish","format-standard","hentry","category-madeira-island-news","infinite-scroll-item","masonry-post","generate-columns","tablet-grid-50","mobile-grid-100","grid-parent","grid-33"],"_links":{"self":[{"href":"https:\/\/madeiraisland.news\/index.php?rest_route=\/wp\/v2\/posts\/1208043","targetHints":{"allow":["GET"]}}],"collection":[{"href":"https:\/\/madeiraisland.news\/index.php?rest_route=\/wp\/v2\/posts"}],"about":[{"href":"https:\/\/madeiraisland.news\/index.php?rest_route=\/wp\/v2\/types\/post"}],"author":[{"embeddable":true,"href":"https:\/\/madeiraisland.news\/index.php?rest_route=\/wp\/v2\/users\/5"}],"replies":[{"embeddable":true,"href":"https:\/\/madeiraisland.news\/index.php?rest_route=%2Fwp%2Fv2%2Fcomments&post=1208043"}],"version-history":[{"count":2,"href":"https:\/\/madeiraisland.news\/index.php?rest_route=\/wp\/v2\/posts\/1208043\/revisions"}],"predecessor-version":[{"id":1208045,"href":"https:\/\/madeiraisland.news\/index.php?rest_route=\/wp\/v2\/posts\/1208043\/revisions\/1208045"}],"wp:attachment":[{"href":"https:\/\/madeiraisland.news\/index.php?rest_route=%2Fwp%2Fv2%2Fmedia&parent=1208043"}],"wp:term":[{"taxonomy":"category","embeddable":true,"href":"https:\/\/madeiraisland.news\/index.php?rest_route=%2Fwp%2Fv2%2Fcategories&post=1208043"},{"taxonomy":"post_tag","embeddable":true,"href":"https:\/\/madeiraisland.news\/index.php?rest_route=%2Fwp%2Fv2%2Ftags&post=1208043"}],"curies":[{"name":"wp","href":"https:\/\/api.w.org\/{rel}","templated":true}]}}