{"id":1208040,"date":"2026-08-28T17:13:35","date_gmt":"2026-08-28T17:13:35","guid":{"rendered":"https:\/\/madeiraisland.news\/?p=1208040"},"modified":"2026-08-28T17:15:26","modified_gmt":"2026-08-28T17:15:26","slug":"carneiro-escusa-se-a-comentar-eventual-mocao-de-censura-do-chega","status":"publish","type":"post","link":"https:\/\/madeiraisland.news\/?p=1208040","title":{"rendered":"Carneiro escusa-se a comentar eventual mo\u00e7\u00e3o de censura do Chega"},"content":{"rendered":"<p>O secret\u00e1rio-geral do PS, Jos\u00e9 Lu\u00eds Carneiro, escusou-se hoje a comentar o an\u00fancio do Chega de que avan\u00e7ar\u00e1 com uma mo\u00e7\u00e3o de censura caso o ministro da Administra\u00e7\u00e3o Interna continue no Governo.<br \/>\nJos\u00e9 Lu\u00eds Carneiro foi questionado pelos jornalistas sobre o anuncio do Chega, em Alcoutim, no distrito de Faro, mas centrou a aten\u00e7\u00e3o na &#8220;Rota pelo Interior e Coopera\u00e7\u00e3o Transfronteiri\u00e7a&#8221;, que na \u00faltima semana o levou a percorrer v\u00e1rios pontos do pa\u00eds e termina hoje em Vila Real de Santo Ant\u00f3nio.<br \/>\n&#8220;O meu<\/p>\n","protected":false},"excerpt":{"rendered":"<p>O secret\u00e1rio-geral do PS, Jos\u00e9 Lu\u00eds Carneiro, escusou-se hoje a comentar o an\u00fancio do Chega de que avan\u00e7ar\u00e1 com uma mo\u00e7\u00e3o de censura caso o ministro da Administra\u00e7\u00e3o Interna continue no Governo. Jos\u00e9 Lu\u00eds Carneiro<\/p>\n","protected":false},"author":5,"featured_media":0,"comment_status":"open","ping_status":"","sticky":false,"template":"","format":"standard","meta":{"footnotes":""},"categories":[19],"tags":[],"class_list":["post-1208040","post","type-post","status-publish","format-standard","hentry","category-madeira-island-news","infinite-scroll-item","masonry-post","generate-columns","tablet-grid-50","mobile-grid-100","grid-parent","grid-33"],"_links":{"self":[{"href":"https:\/\/madeiraisland.news\/index.php?rest_route=\/wp\/v2\/posts\/1208040","targetHints":{"allow":["GET"]}}],"collection":[{"href":"https:\/\/madeiraisland.news\/index.php?rest_route=\/wp\/v2\/posts"}],"about":[{"href":"https:\/\/madeiraisland.news\/index.php?rest_route=\/wp\/v2\/types\/post"}],"author":[{"embeddable":true,"href":"https:\/\/madeiraisland.news\/index.php?rest_route=\/wp\/v2\/users\/5"}],"replies":[{"embeddable":true,"href":"https:\/\/madeiraisland.news\/index.php?rest_route=%2Fwp%2Fv2%2Fcomments&post=1208040"}],"version-history":[{"count":2,"href":"https:\/\/madeiraisland.news\/index.php?rest_route=\/wp\/v2\/posts\/1208040\/revisions"}],"predecessor-version":[{"id":1208042,"href":"https:\/\/madeiraisland.news\/index.php?rest_route=\/wp\/v2\/posts\/1208040\/revisions\/1208042"}],"wp:attachment":[{"href":"https:\/\/madeiraisland.news\/index.php?rest_route=%2Fwp%2Fv2%2Fmedia&parent=1208040"}],"wp:term":[{"taxonomy":"category","embeddable":true,"href":"https:\/\/madeiraisland.news\/index.php?rest_route=%2Fwp%2Fv2%2Fcategories&post=1208040"},{"taxonomy":"post_tag","embeddable":true,"href":"https:\/\/madeiraisland.news\/index.php?rest_route=%2Fwp%2Fv2%2Ftags&post=1208040"}],"curies":[{"name":"wp","href":"https:\/\/api.w.org\/{rel}","templated":true}]}}